{"id":106,"date":"2025-04-17T12:11:18","date_gmt":"2025-04-17T15:11:18","guid":{"rendered":"https:\/\/queridabh.com.br\/?p=106"},"modified":"2025-04-17T12:11:18","modified_gmt":"2025-04-17T15:11:18","slug":"mercado-de-beleza-em-alta-como-marcas-estao-se-reinventando-para-crescer","status":"publish","type":"post","link":"https:\/\/queridabh.com.br\/index.php\/2025\/04\/17\/mercado-de-beleza-em-alta-como-marcas-estao-se-reinventando-para-crescer\/","title":{"rendered":"Mercado de beleza em alta: como marcas est\u00e3o se reinventando para crescer"},"content":{"rendered":"\n<p class=\"has-small-font-size\"><em>Cr\u00e9dito: divulga\u00e7\u00e3o<\/em><\/p>\n\n\n\n<p><em>*Por Andr\u00e9 Viana, Diretor comercial da Wake<\/em><\/p>\n\n\n\n<p>O mercado de beleza segue em constante crescimento e transforma\u00e7\u00e3o, impulsionado por mudan\u00e7as no comportamento do consumidor, digitaliza\u00e7\u00e3o e novas demandas por personaliza\u00e7\u00e3o e sustentabilidade. De acordo com a Associa\u00e7\u00e3o Brasileira da Ind\u00fastria de Higiene Pessoal, Perfumaria e Cosm\u00e9ticos (ABIHPEC), o Brasil ocupa a segunda posi\u00e7\u00e3o entre os pa\u00edses que mais lan\u00e7am produtos nessa \u00e1rea e est\u00e1 em quarto lugar no consumo global de produtos de beleza. Com um&nbsp;<a href=\"https:\/\/www.statista.com\/outlook\/cmo\/beauty-personal-care\/worldwide\" target=\"_blank\" rel=\"noreferrer noopener\">faturamento global<\/a>&nbsp;de US$ 646 bilh\u00f5es em 2024 e previs\u00f5es otimistas para os pr\u00f3ximos anos, o setor precisa estar atento \u00e0s oportunidades e desafios para continuar inovando e conquistando clientes.<br>&nbsp;<\/p>\n\n\n\n<p>A jornada de compra deste segmento, por exemplo, tem passado por importantes transforma\u00e7\u00f5es, combinando experi\u00eancias online e offline. Empresas que conseguem integrar esses dois ambientes de forma eficiente destacam-se e fortalecem a conex\u00e3o com seus clientes. Um exemplo claro \u00e9 o da Beleza na Web, que iniciou como um e-commerce e marketplace e expandiu recentemente para lojas f\u00edsicas, adotando um modelo h\u00edbrido para enriquecer a experi\u00eancia do consumidor.<br>&nbsp;<\/p>\n\n\n\n<p>Outro ponto importante \u00e9 a personaliza\u00e7\u00e3o. Em um mercado cada vez mais competitivo, onde os consumidores descobrem, experimentam e compram produtos a cada mudan\u00e7a de tend\u00eancia, oferecer experi\u00eancias diferenciadas e inovadoras s\u00e3o essenciais para que as marcas continuem relevantes. Com isso a fideliza\u00e7\u00e3o tamb\u00e9m se torna um desafio, pois garantir a lealdade dos clientes em um setor repleto de novidades requer solu\u00e7\u00f5es eficazes de engajamento.<br>&nbsp;<\/p>\n\n\n\n<p>Diante desse cen\u00e1rio, algumas estrat\u00e9gias podem ajudar as marcas a se destacarem e garantirem crescimento sustent\u00e1vel:<br>&nbsp;<\/p>\n\n\n\n<p><strong>Omnicanalidade bem estruturada:<\/strong>&nbsp;A integra\u00e7\u00e3o eficiente entre lojas f\u00edsicas e e-commerce \u00e9 fundamental para uma&nbsp;<a href=\"https:\/\/wake.tech\/blog\/o-papel-transformador-do-oms-na-omnicanalidade\/\" target=\"_blank\" rel=\"noreferrer noopener\">experi\u00eancia de compra<\/a>&nbsp;fluida e permitindo que os clientes transitem entre os canais sem dificuldades. Oferecer op\u00e7\u00f5es como a compra online com retirada na loja, provadores virtuais e atendimento personalizado em todos os canais cria uma experi\u00eancia de compra fluida e sem barreiras.<br>&nbsp;<\/p>\n\n\n\n<p><strong>An\u00e1lise de dados e personaliza\u00e7\u00e3o:<\/strong>&nbsp;O uso de intelig\u00eancia artificial e big data permite oferecer&nbsp;<a href=\"https:\/\/wake.tech\/blog\/crm-no-varejo-ecommerce\/\" target=\"_blank\" rel=\"noreferrer noopener\">recomenda\u00e7\u00f5es customizadas<\/a>, otimizar campanhas de marketing e fortalecer a rela\u00e7\u00e3o com o consumidor. Com an\u00e1lises avan\u00e7adas, \u00e9 poss\u00edvel identificar prefer\u00eancias individuais, sugerir produtos de forma certeira e aumentar a convers\u00e3o por meio de campanhas segmentadas e ofertas personalizadas.<br>&nbsp;<\/p>\n\n\n\n<p><strong>Parceria com influenciadores:&nbsp;<\/strong>Ao estabelecer&nbsp;<a href=\"https:\/\/wake.tech\/blog\/comunidades-com-influenciadores-marketing-de-influencia\/\" target=\"_blank\" rel=\"noreferrer noopener\">colabora\u00e7\u00f5es estrat\u00e9gicas<\/a>&nbsp;e alinhadas aos neg\u00f3cios e valores da marca, \u00e9 poss\u00edvel ampliar o alcance. Ao alinhar os influenciadores certos ao seu p\u00fablico-alvo, \u00e9 poss\u00edvel impulsionar n\u00e3o apenas as vendas, mas tamb\u00e9m a confian\u00e7a e engajamento dos consumidores.<br>&nbsp;<\/p>\n\n\n\n<p><strong>Reinven\u00e7\u00e3o da loja f\u00edsica:<\/strong>&nbsp;O ponto de venda tradicional tem se transformado em um hub de experi\u00eancia. Espa\u00e7os interativos, testes personalizados de produtos, consultorias especializadas e tecnologia integrada (como QR Codes e espelhos inteligentes) tornam a compra mais envolvente e aumentam a conex\u00e3o entre consumidor e marca.<br>&nbsp;<\/p>\n\n\n\n<p>Mais do que um canal de vendas, a loja f\u00edsica e o digital se tornaram extens\u00f5es estrat\u00e9gicas da rela\u00e7\u00e3o entre marcas e consumidores. Os varejistas que souberem enxergar cada ponto de contato como parte de uma jornada unificada \u2013 e n\u00e3o como mundos separados \u2013 sair\u00e3o na frente. A competi\u00e7\u00e3o n\u00e3o est\u00e1 apenas em pre\u00e7os ou produtos, mas na capacidade de criar experi\u00eancias que fazem sentido para o consumidor moderno, transformando cada intera\u00e7\u00e3o em um diferencial competitivo real.<\/p>\n","protected":false},"excerpt":{"rendered":"<p>Cr\u00e9dito: divulga\u00e7\u00e3o *Por Andr\u00e9 Viana, Diretor comercial da Wake O mercado de beleza segue em constante crescimento e transforma\u00e7\u00e3o, impulsionado&hellip;<\/p>\n","protected":false},"author":1,"featured_media":107,"comment_status":"open","ping_status":"open","sticky":false,"template":"","format":"standard","meta":{"footnotes":""},"categories":[9],"tags":[],"class_list":["post-106","post","type-post","status-publish","format-standard","has-post-thumbnail","hentry","category-opiniao"],"_links":{"self":[{"href":"https:\/\/queridabh.com.br\/index.php\/wp-json\/wp\/v2\/posts\/106","targetHints":{"allow":["GET"]}}],"collection":[{"href":"https:\/\/queridabh.com.br\/index.php\/wp-json\/wp\/v2\/posts"}],"about":[{"href":"https:\/\/queridabh.com.br\/index.php\/wp-json\/wp\/v2\/types\/post"}],"author":[{"embeddable":true,"href":"https:\/\/queridabh.com.br\/index.php\/wp-json\/wp\/v2\/users\/1"}],"replies":[{"embeddable":true,"href":"https:\/\/queridabh.com.br\/index.php\/wp-json\/wp\/v2\/comments?post=106"}],"version-history":[{"count":1,"href":"https:\/\/queridabh.com.br\/index.php\/wp-json\/wp\/v2\/posts\/106\/revisions"}],"predecessor-version":[{"id":108,"href":"https:\/\/queridabh.com.br\/index.php\/wp-json\/wp\/v2\/posts\/106\/revisions\/108"}],"wp:featuredmedia":[{"embeddable":true,"href":"https:\/\/queridabh.com.br\/index.php\/wp-json\/wp\/v2\/media\/107"}],"wp:attachment":[{"href":"https:\/\/queridabh.com.br\/index.php\/wp-json\/wp\/v2\/media?parent=106"}],"wp:term":[{"taxonomy":"category","embeddable":true,"href":"https:\/\/queridabh.com.br\/index.php\/wp-json\/wp\/v2\/categories?post=106"},{"taxonomy":"post_tag","embeddable":true,"href":"https:\/\/queridabh.com.br\/index.php\/wp-json\/wp\/v2\/tags?post=106"}],"curies":[{"name":"wp","href":"https:\/\/api.w.org\/{rel}","templated":true}]}}