{"id":109,"date":"2025-04-17T12:16:11","date_gmt":"2025-04-17T15:16:11","guid":{"rendered":"https:\/\/queridabh.com.br\/?p=109"},"modified":"2025-04-17T12:16:11","modified_gmt":"2025-04-17T15:16:11","slug":"minas-gerais-atinge-3-milhoes-de-emissoes-da-nova-identidade-e-lidera-o-ranking-nacional","status":"publish","type":"post","link":"https:\/\/queridabh.com.br\/index.php\/2025\/04\/17\/minas-gerais-atinge-3-milhoes-de-emissoes-da-nova-identidade-e-lidera-o-ranking-nacional\/","title":{"rendered":"Minas Gerais atinge 3 milh\u00f5es de emiss\u00f5es da nova identidade e lidera o ranking nacional"},"content":{"rendered":"\n<p class=\"has-small-font-size\"><em>Cr\u00e9dito: divulga\u00e7\u00e3o<\/em><\/p>\n\n\n\n<p>Aquisi\u00e7\u00e3o de equipamentos, capacita\u00e7\u00e3o de servidores e amplia\u00e7\u00e3o do atendimento pelo Governo de Minas nos postos de identifica\u00e7\u00e3o e nas UAIs contribuem para o alcance do servi\u00e7o<br><\/p>\n\n\n\n<p>Com 3 milh\u00f5es de documentos expedidos, Minas Gerais se consolida como o estado que mais emitiu a Carteira de Identidade Nacional (CIN) no Brasil. Para atingir essa marca, o&nbsp;<a href=\"https:\/\/www.mg.gov.br\/\" target=\"_blank\" rel=\"noreferrer noopener\">Governo de Minas<\/a>, por meio da&nbsp;<a href=\"https:\/\/www.policiacivil.mg.gov.br\/\" target=\"_blank\" rel=\"noreferrer noopener\">Pol\u00edcia Civil (PCMG)&nbsp;<\/a>e da&nbsp;<a href=\"https:\/\/www.mg.gov.br\/planejamento\" target=\"_blank\" rel=\"noreferrer noopener\">Secretaria de Estado de Planejamento e Gest\u00e3o (Seplag-MG)<\/a>, investe na aquisi\u00e7\u00e3o de equipamentos, capacita\u00e7\u00e3o de servidores e amplia\u00e7\u00e3o do atendimento, contribuindo para aumentar o acesso da popula\u00e7\u00e3o ao servi\u00e7o.<\/p>\n\n\n\n<p>A CIN est\u00e1 dispon\u00edvel para a popula\u00e7\u00e3o em postos de identifica\u00e7\u00e3o vinculados a delegacias da PCMG e em Unidades de Atendimento Integrado (UAIs) da Seplag-MG, em diversas regi\u00f5es do estado. Dados do Instituto de Identifica\u00e7\u00e3o (IIMG) da PCMG demonstram a evolu\u00e7\u00e3o no volume de documentos emitidos em menos de um ano e meio da ado\u00e7\u00e3o do novo modelo, que alcan\u00e7aram uma m\u00e9dia di\u00e1ria, em 2025, de 12 mil.<\/p>\n\n\n\n<p>O marco foi destacado pelo vice-governador Mateus Sim\u00f5es, que compareceu \u00e0 UAI Pra\u00e7a Sete, em Belo Horizonte, na \u00faltima semana, para emitir sua CIN. Ele&nbsp;fez o agendamento pelo MG App e j\u00e1 recebeu o documento em casa.<\/p>\n\n\n\n<p>&#8220;Minas Gerais, mais uma vez, demonstra sua capacidade de lideran\u00e7a nacional em gest\u00e3o p\u00fablica. A marca de 3 milh\u00f5es de carteiras emitidas \u00e9 reflexo de um trabalho consistente de moderniza\u00e7\u00e3o, investimento em tecnologia e melhoria dos servi\u00e7os. Esse avan\u00e7o representa cidadania na pr\u00e1tica, com um documento mais seguro e acess\u00edvel para todos os mineiros&#8221;, afirma o vice-governador Mateus Sim\u00f5es.<\/p>\n\n\n\n<p>\u201cO n\u00famero de 3 milh\u00f5es de carteiras \u00e9 simb\u00f3lico e importante, demonstrando o investimento e o trabalho profissional e qualificado da Pol\u00edcia Civil e dos nossos parceiros para a emiss\u00e3o do novo documento\u201d, avaliou a chefe da Pol\u00edcia Civil, delegada-geral Let\u00edcia Gamboge, assinalando ainda que Minas Gerais est\u00e1 entre os poucos estados em que o documento \u00e9 enviado \u00e0 resid\u00eancia dos cidad\u00e3os por meio de parceria com os Correios.<\/p>\n\n\n\n<p>A expans\u00e3o da oferta de vagas para a emiss\u00e3o da CIN tem sido um dos focos do Governo de Minas. Conforme divulgado recentemente, a Seplag-MG aumentou de 5 mil para 11 mil vagas di\u00e1rias nas UAIs para agendamento do servi\u00e7o, entre o in\u00edcio de 2024 e mar\u00e7o de 2025. Atualmente, s\u00e3o 53 unidades em funcionamento no estado. Somente na UAI Pra\u00e7a Sete, em Belo Horizonte, s\u00e3o disponibilizadas 2 mil vagas diariamente.<\/p>\n\n\n\n<p>As vagas para emiss\u00e3o de identidade s\u00e3o liberadas de segunda a sexta-feira a partir das 7h, com um prazo de at\u00e9 10 dias para o agendamento.<\/p>\n\n\n\n<p>&#8220;Al\u00e9m do aumento de vagas, a redu\u00e7\u00e3o no tempo m\u00e9dio de atendimento, de 20 para 15 minutos, \u00e9 resultado direto dos avan\u00e7os promovidos com a moderniza\u00e7\u00e3o dos sistemas e a amplia\u00e7\u00e3o da equipe t\u00e9cnica nas unidades. O crescimento do n\u00famero de UAIs em funcionamento tamb\u00e9m demonstra o compromisso do Governo de Minas em oferecer um servi\u00e7o p\u00fablico mais acess\u00edvel, eficiente e de qualidade, fortalecendo a cidadania em todas as regi\u00f5es do estado&#8221;, refor\u00e7ou a secret\u00e1ria de Estado de Planejamento e Gest\u00e3o, Silvia Listgarten.<\/p>\n\n\n\n<p>A moderniza\u00e7\u00e3o do sistema de identifica\u00e7\u00e3o foi financiada pelo Banco Nacional de Desenvolvimento Econ\u00f4mico e Social (BNDES) com a intermedia\u00e7\u00e3o da Secretaria de Estado de Casa Civil (SCC).<\/p>\n\n\n\n<p>Outra medida adotada para ampliar o acesso dos mineiros ao documento s\u00e3o os mutir\u00f5es promovidos pelo Instituto de Identifica\u00e7\u00e3o, com o deslocamento da Comiss\u00e3o Volante at\u00e9 localidades que n\u00e3o possuem postos fixos. H\u00e1 ainda a participa\u00e7\u00e3o da Pol\u00edcia Civil em a\u00e7\u00f5es sociais realizadas em parceria com outras institui\u00e7\u00f5es, garantindo o acesso \u00e0 CIN como um verdadeiro \u201cpassaporte\u201d para o exerc\u00edcio da cidadania.<\/p>\n\n\n\n<p>A Carteira de Identidade Nacional \u00e9 um documento de identifica\u00e7\u00e3o \u00fanico, v\u00e1lido em todo o territ\u00f3rio nacional, com o n\u00famero do CPF como base para emiss\u00e3o \u2014 diferentemente do modelo anterior, que possu\u00eda n\u00famero de RG variado conforme o estado. \u201cA CIN traz uma renova\u00e7\u00e3o no cen\u00e1rio da identifica\u00e7\u00e3o nacional, com grande impacto na redu\u00e7\u00e3o de fraudes\u201d, destacou o diretor do Instituto de Identifica\u00e7\u00e3o de Minas Gerais, delegado-geral Andr\u00e9 Pelli.<\/p>\n\n\n\n<p>O modelo anterior ser\u00e1 aceito at\u00e9 23 de fevereiro de 2032. No entanto, caso o documento apresente danos, foto desatualizada ou ileg\u00edvel, recomenda-se a substitui\u00e7\u00e3o antecipada.<\/p>\n\n\n\n<p>A CIN est\u00e1 dispon\u00edvel em dois formatos: impresso (entregue pelos Correios) e digital (acess\u00edvel pelo Gov.br). Na vers\u00e3o digital, o cidad\u00e3o pode incluir informa\u00e7\u00f5es adicionais, como a CNH, cart\u00e3o do SUS, t\u00edtulo de eleitor, certificado de reservista e tipo sangu\u00edneo (mediante apresenta\u00e7\u00e3o de comprovante de laborat\u00f3rio).<\/p>\n\n\n\n<p><\/p>\n","protected":false},"excerpt":{"rendered":"<p>Cr\u00e9dito: divulga\u00e7\u00e3o Aquisi\u00e7\u00e3o de equipamentos, capacita\u00e7\u00e3o de servidores e amplia\u00e7\u00e3o do atendimento pelo Governo de Minas nos postos de identifica\u00e7\u00e3o&hellip;<\/p>\n","protected":false},"author":1,"featured_media":110,"comment_status":"open","ping_status":"open","sticky":false,"template":"","format":"standard","meta":{"footnotes":""},"categories":[2],"tags":[],"class_list":["post-109","post","type-post","status-publish","format-standard","has-post-thumbnail","hentry","category-noticias"],"_links":{"self":[{"href":"https:\/\/queridabh.com.br\/index.php\/wp-json\/wp\/v2\/posts\/109","targetHints":{"allow":["GET"]}}],"collection":[{"href":"https:\/\/queridabh.com.br\/index.php\/wp-json\/wp\/v2\/posts"}],"about":[{"href":"https:\/\/queridabh.com.br\/index.php\/wp-json\/wp\/v2\/types\/post"}],"author":[{"embeddable":true,"href":"https:\/\/queridabh.com.br\/index.php\/wp-json\/wp\/v2\/users\/1"}],"replies":[{"embeddable":true,"href":"https:\/\/queridabh.com.br\/index.php\/wp-json\/wp\/v2\/comments?post=109"}],"version-history":[{"count":1,"href":"https:\/\/queridabh.com.br\/index.php\/wp-json\/wp\/v2\/posts\/109\/revisions"}],"predecessor-version":[{"id":111,"href":"https:\/\/queridabh.com.br\/index.php\/wp-json\/wp\/v2\/posts\/109\/revisions\/111"}],"wp:featuredmedia":[{"embeddable":true,"href":"https:\/\/queridabh.com.br\/index.php\/wp-json\/wp\/v2\/media\/110"}],"wp:attachment":[{"href":"https:\/\/queridabh.com.br\/index.php\/wp-json\/wp\/v2\/media?parent=109"}],"wp:term":[{"taxonomy":"category","embeddable":true,"href":"https:\/\/queridabh.com.br\/index.php\/wp-json\/wp\/v2\/categories?post=109"},{"taxonomy":"post_tag","embeddable":true,"href":"https:\/\/queridabh.com.br\/index.php\/wp-json\/wp\/v2\/tags?post=109"}],"curies":[{"name":"wp","href":"https:\/\/api.w.org\/{rel}","templated":true}]}}