{"id":126,"date":"2025-04-17T12:40:10","date_gmt":"2025-04-17T15:40:10","guid":{"rendered":"https:\/\/queridabh.com.br\/?p=126"},"modified":"2025-04-17T12:40:10","modified_gmt":"2025-04-17T15:40:10","slug":"do-descarte-a-reciclagem-os-mitos-e-verdades-sobre-a-reinsercao-de-eletroeletronicos-e-eletrodomesticos-na-cadeia-produtiva","status":"publish","type":"post","link":"https:\/\/queridabh.com.br\/index.php\/2025\/04\/17\/do-descarte-a-reciclagem-os-mitos-e-verdades-sobre-a-reinsercao-de-eletroeletronicos-e-eletrodomesticos-na-cadeia-produtiva\/","title":{"rendered":"Do descarte \u00e0 reciclagem: os mitos e verdades sobre a reinser\u00e7\u00e3o de eletroeletr\u00f4nicos e eletrodom\u00e9sticos na cadeia produtiva"},"content":{"rendered":"\n<p class=\"has-small-font-size\"><em>Cr\u00e9dito: divulga\u00e7\u00e3o<\/em><\/p>\n\n\n\n<p>A reciclagem de eletroeletr\u00f4nicos e eletrodom\u00e9sticos \u00e9 uma pr\u00e1tica crucial para a preserva\u00e7\u00e3o ambiental e incentivo \u00e0 economia circular. No entanto, muitos mitos ainda cercam esse processo, gerando d\u00favidas sobre o que realmente pode ser reciclado e qual a maneira correta de descartar esses produtos. Para esclarecer essas quest\u00f5es, a&nbsp;<a href=\"https:\/\/abree.org.br\/\" target=\"_blank\" rel=\"noreferrer noopener\">ABREE &#8211; Associa\u00e7\u00e3o Brasileira de Reciclagem de Eletroeletr\u00f4nicos e Eletrodom\u00e9sticos<\/a>&nbsp;&#8211; destaca os principais mitos e verdades sobre o tema.<\/p>\n\n\n\n<p>&#8220;Desmistificar a reciclagem de eletroeletr\u00f4nicos e eletrodom\u00e9sticos \u00e9 essencial para aumentar a ades\u00e3o a pr\u00e1ticas sustent\u00e1veis. Quando as pessoas compreendem a import\u00e2ncia desse processo e como ele funciona, passam a descartar seus res\u00edduos de forma mais respons\u00e1vel, ajudando a reduzir impactos ambientais&#8221;,&nbsp;<strong>afirma Robson Esteves, presidente da ABREE.<\/strong><\/p>\n\n\n\n<p>A reciclagem de eletroeletr\u00f4nicos e eletrodom\u00e9sticos \u00e9 uma responsabilidade compartilhada entre fabricantes, importadores, distribuidores, comerciantes e consumidores. Para que voc\u00ea, consumidor, entenda melhor esse processo, confira os mitos mais comuns sobre o tema.<\/p>\n\n\n\n<ul class=\"wp-block-list\">\n<li><strong>Todo eletroeletr\u00f4nico e eletrodom\u00e9stico pode ser descartado no lixo comum.<\/strong><\/li>\n<\/ul>\n\n\n\n<p><strong>Resposta: Mito!<\/strong>&nbsp;Esses equipamentos cont\u00eam materiais como metais pesados e subst\u00e2ncias qu\u00edmicas que podem contaminar o solo e a \u00e1gua se descartados incorretamente. O correto \u00e9 encaminh\u00e1-los para pontos de recebimento especializados, onde ser\u00e3o destinados \u00e0 reciclagem de forma ambientalmente adequada.<\/p>\n\n\n\n<ul class=\"wp-block-list\">\n<li><strong>A reciclagem desses produtos n\u00e3o compensa, pois poucos materiais s\u00e3o reaproveitados.<\/strong><\/li>\n<\/ul>\n\n\n\n<p><strong>Resposta: Mito!&nbsp;<\/strong>Muitos componentes podem ser reciclados e reinseridos na cadeia produtiva. Metais, pl\u00e1sticos e vidros presentes em eletroeletr\u00f4nicos e eletrodom\u00e9sticos podem ser reutilizados na fabrica\u00e7\u00e3o de novos produtos, reduzindo a necessidade de extra\u00e7\u00e3o de mat\u00e9rias-primas virgens.<\/p>\n\n\n\n<ul class=\"wp-block-list\">\n<li><strong>Aparelhos quebrados ou muito antigos n\u00e3o podem ser reciclados.<\/strong><\/li>\n<\/ul>\n\n\n\n<p><strong>Resposta: Mito!&nbsp;<\/strong>Mesmo que um aparelho n\u00e3o funcione mais ou esteja muito desgastado, ele ainda pode ser reciclado. Empresas especializadas realizam a desmontagem, separa\u00e7\u00e3o e reaproveitamento de diversos componentes.<\/p>\n\n\n\n<ul class=\"wp-block-list\">\n<li><strong>Jogar eletroeletr\u00f4nicos e eletrodom\u00e9sticos fora em pequenas quantidades n\u00e3o causa impacto ambiental.<\/strong><\/li>\n<\/ul>\n\n\n\n<p><strong>Resposta: Mito!&nbsp;<\/strong>O descarte inadequado, mesmo que em pequenas quantidades, contribui para o ac\u00famulo de res\u00edduos e pode gerar contamina\u00e7\u00e3o ambiental. Esse volume cresce a cada ano, tornando a reciclagem uma necessidade urgente.<\/p>\n\n\n\n<ul class=\"wp-block-list\">\n<li><strong>N\u00e3o h\u00e1 locais acess\u00edveis para o descarte correto.<\/strong><\/li>\n<\/ul>\n\n\n\n<p><strong>Resposta: Mito!&nbsp;<\/strong>Atualmente, h\u00e1 diversos pontos de recebimento espalhados pelo pa\u00eds, gra\u00e7as a parcerias entre empresas, governos e entidades gestoras.<\/p>\n\n\n\n<p>\u201cConhecer os mitos e verdades sobre esse processo \u00e9 o primeiro passo para adotar pr\u00e1ticas mais sustent\u00e1veis e contribuir para a preserva\u00e7\u00e3o do meio ambiente\u201d&nbsp;<strong>finaliza Esteves.<\/strong><\/p>\n\n\n\n<p>Para saber mais sobre onde descartar seus eletroeletr\u00f4nicos e eletrodom\u00e9sticos corretamente, acesse&nbsp;<a href=\"https:\/\/abree.org.br\/pontos-de-recebimento\" target=\"_blank\" rel=\"noreferrer noopener\">https:\/\/abree.org.br\/pontos-de-recebimento<\/a><\/p>\n","protected":false},"excerpt":{"rendered":"<p>Cr\u00e9dito: divulga\u00e7\u00e3o A reciclagem de eletroeletr\u00f4nicos e eletrodom\u00e9sticos \u00e9 uma pr\u00e1tica crucial para a preserva\u00e7\u00e3o ambiental e incentivo \u00e0 economia&hellip;<\/p>\n","protected":false},"author":1,"featured_media":127,"comment_status":"open","ping_status":"open","sticky":false,"template":"","format":"standard","meta":{"footnotes":""},"categories":[12],"tags":[],"class_list":["post-126","post","type-post","status-publish","format-standard","has-post-thumbnail","hentry","category-principal"],"_links":{"self":[{"href":"https:\/\/queridabh.com.br\/index.php\/wp-json\/wp\/v2\/posts\/126","targetHints":{"allow":["GET"]}}],"collection":[{"href":"https:\/\/queridabh.com.br\/index.php\/wp-json\/wp\/v2\/posts"}],"about":[{"href":"https:\/\/queridabh.com.br\/index.php\/wp-json\/wp\/v2\/types\/post"}],"author":[{"embeddable":true,"href":"https:\/\/queridabh.com.br\/index.php\/wp-json\/wp\/v2\/users\/1"}],"replies":[{"embeddable":true,"href":"https:\/\/queridabh.com.br\/index.php\/wp-json\/wp\/v2\/comments?post=126"}],"version-history":[{"count":1,"href":"https:\/\/queridabh.com.br\/index.php\/wp-json\/wp\/v2\/posts\/126\/revisions"}],"predecessor-version":[{"id":128,"href":"https:\/\/queridabh.com.br\/index.php\/wp-json\/wp\/v2\/posts\/126\/revisions\/128"}],"wp:featuredmedia":[{"embeddable":true,"href":"https:\/\/queridabh.com.br\/index.php\/wp-json\/wp\/v2\/media\/127"}],"wp:attachment":[{"href":"https:\/\/queridabh.com.br\/index.php\/wp-json\/wp\/v2\/media?parent=126"}],"wp:term":[{"taxonomy":"category","embeddable":true,"href":"https:\/\/queridabh.com.br\/index.php\/wp-json\/wp\/v2\/categories?post=126"},{"taxonomy":"post_tag","embeddable":true,"href":"https:\/\/queridabh.com.br\/index.php\/wp-json\/wp\/v2\/tags?post=126"}],"curies":[{"name":"wp","href":"https:\/\/api.w.org\/{rel}","templated":true}]}}