{"id":1386,"date":"2026-04-27T21:29:21","date_gmt":"2026-04-28T00:29:21","guid":{"rendered":"https:\/\/queridabh.com.br\/?p=1386"},"modified":"2026-04-27T21:29:21","modified_gmt":"2026-04-28T00:29:21","slug":"marista-brasil-lanca-podcast-para-conscientizar-familias-e-jovens-sobre-cuidados-no-ambiente-digital","status":"publish","type":"post","link":"https:\/\/queridabh.com.br\/index.php\/2026\/04\/27\/marista-brasil-lanca-podcast-para-conscientizar-familias-e-jovens-sobre-cuidados-no-ambiente-digital\/","title":{"rendered":"Marista Brasil lan\u00e7a podcast para conscientizar fam\u00edlias e jovens sobre cuidados no ambiente digital"},"content":{"rendered":"\n<p>A partir da dissemina\u00e7\u00e3o de tecnologias acess\u00edveis, o uso de telas e de recursos digitais se tornou comum entre os mais jovens. Segundo dados divulgados pela pesquisa TIC Kids Online Brasil, em 2025, 92% da popula\u00e7\u00e3o brasileira de 9 a 17 anos era usu\u00e1ria de internet, representando cerca de 24 milh\u00f5es de crian\u00e7as e adolescentes. Nesse contexto, o Marista Brasil desenvolveu o podcast \u201cPapo Marista\u201d, com o intuito de promover um espa\u00e7o de reflex\u00e3o e orienta\u00e7\u00e3o sobre o acesso seguro a ambientes digitais. O projeto ser\u00e1 contemplado com seis epis\u00f3dios no total, publicados quinzenalmente em duplas, e estar\u00e1 dispon\u00edvel ao p\u00fablico gratuitamente no perfil do podcast no <a href=\"https:\/\/open.spotify.com\/show\/3uysLQdW6NHJ5jUKfJ93jW\">Spotify<\/a> e no <a href=\"https:\/\/www.youtube.com\/Col%C3%A9giosMaristasrede\">YouTube<\/a> dos Col\u00e9gios Maristas. Os dois epis\u00f3dios de estreia foram lan\u00e7ados no dia 16 de abril e os lan\u00e7amentos subsequentes est\u00e3o previstos para 30 de abril e 14 de maio.&nbsp;<\/p>\n\n\n\n<p>Com a presen\u00e7a de especialistas, os programas abordar\u00e3o temas atuais que impactam diretamente o desenvolvimento integral infantojuvenil, como adultiza\u00e7\u00e3o infantil, seguran\u00e7a e riscos no uso de telas, cyberbullying e o ECA Digital. Para essa primeira temporada, o projeto contou com o envolvimento de atores relevantes no cuidado e prote\u00e7\u00e3o de jovens no ambiente digital. Isso incluiu o apoio e experi\u00eancia da SaferNet, associa\u00e7\u00e3o refer\u00eancia em seguran\u00e7a na internet, e o Centro Marista de Defesa da Inf\u00e2ncia, com atua\u00e7\u00e3o focada na contribui\u00e7\u00e3o marista para as pol\u00edticas p\u00fablicas para a garantia de direitos de crian\u00e7as e adolescentes no Brasil.<\/p>\n\n\n\n<p>Segundo Olavo Chicoski, coordenador da \u00e1rea de Cuidado Integral do Marista Brasil, o podcast busca estabelecer um canal de comunica\u00e7\u00e3o e forma\u00e7\u00e3o com fam\u00edlias sobre temas necess\u00e1rios para a educa\u00e7\u00e3o e cuidado integral dos estudantes maristas. \u201cNingu\u00e9m cuida e educa sozinho. Essa responsabilidade \u00e9 compartilhada. Por isso, compreender as grandes tem\u00e1ticas que afetam esse processo \u00e9 fundamental, especialmente algo t\u00e3o importante como o cuidado com crian\u00e7as e adolescentes no ambiente digital. Fam\u00edlias, escola, sociedade e o Estado t\u00eam pap\u00e9is diferentes e complementares nessa miss\u00e3o compartilhada\u201d, afirma.<\/p>\n\n\n\n<p>Como uma estrat\u00e9gia educativa, o \u201cPapo Marista\u201d coloca em evid\u00eancia a Campanha Conex\u00e3o Segura, promovida pelo Marista Brasil. Com o lema \u201cA seguran\u00e7a online come\u00e7a com atitudes offline\u201d, a campanha busca promover uma cultura de uso respons\u00e1vel da internet e desenvolver atividades que envolvem a cidadania e a seguran\u00e7a digital junto \u00e0 comunidade estudantil. Assim, por meio de conte\u00fados confi\u00e1veis e de relev\u00e2ncia, o podcast ter\u00e1 como foco amplificar a reflex\u00e3o sobre temas de impacto, apoiando fam\u00edlias na cria\u00e7\u00e3o de uma rede de cuidado s\u00f3lida e baseada na compreens\u00e3o dos desafios contempor\u00e2neos.&nbsp;<\/p>\n\n\n\n<p>\u201c\u00c9 importante lembrarmos que nenhuma fam\u00edlia recebe um manual de como educar e cuidar. Vamos aprendendo ao longo da jornada. Nesse sentido, a escola tem muito a contribuir com o papel de pais e respons\u00e1veis, a partir de conhecimentos estruturados e boas pr\u00e1ticas que podem ser compartilhadas. Dessa forma, nos fortalecemos como rede de cuidado, sempre com o foco no desenvolvimento integral de crian\u00e7as e adolescentes para que consigam se preparar para a vida adulta vivenciando uma inf\u00e2ncia e juventude segura, protegida e feliz.\u201d, complementa Chicoski.<\/p>\n\n\n\n<p><strong>Sobre o Marista Brasil<br><\/strong>O Marista Brasil \u00e9 uma rede de col\u00e9gios e escolas sociais presente em 20 estados brasileiros, atendendo cerca de 100 mil crian\u00e7as, jovens e adultos em 97 unidades de ensino. Os estudantes recebem forma\u00e7\u00e3o integral, composta pela tradi\u00e7\u00e3o dos valores Maristas e pela excel\u00eancia acad\u00eamica alinhada aos desafios contempor\u00e2neos. Por meio de propostas pedag\u00f3gicas diferenciadas, crian\u00e7as e jovens desenvolvem conhecimento, pensamento cr\u00edtico, autonomia e se tornam mais preparados para viver em uma sociedade em constante transforma\u00e7\u00e3o. Saiba mais em: maristabrasil.org\/.<\/p>\n","protected":false},"excerpt":{"rendered":"<p>A partir da dissemina\u00e7\u00e3o de tecnologias acess\u00edveis, o uso de telas e de recursos digitais se tornou comum entre os&hellip;<\/p>\n","protected":false},"author":2,"featured_media":1387,"comment_status":"open","ping_status":"open","sticky":false,"template":"","format":"standard","meta":{"footnotes":""},"categories":[6],"tags":[],"class_list":["post-1386","post","type-post","status-publish","format-standard","has-post-thumbnail","hentry","category-mercado"],"_links":{"self":[{"href":"https:\/\/queridabh.com.br\/index.php\/wp-json\/wp\/v2\/posts\/1386","targetHints":{"allow":["GET"]}}],"collection":[{"href":"https:\/\/queridabh.com.br\/index.php\/wp-json\/wp\/v2\/posts"}],"about":[{"href":"https:\/\/queridabh.com.br\/index.php\/wp-json\/wp\/v2\/types\/post"}],"author":[{"embeddable":true,"href":"https:\/\/queridabh.com.br\/index.php\/wp-json\/wp\/v2\/users\/2"}],"replies":[{"embeddable":true,"href":"https:\/\/queridabh.com.br\/index.php\/wp-json\/wp\/v2\/comments?post=1386"}],"version-history":[{"count":1,"href":"https:\/\/queridabh.com.br\/index.php\/wp-json\/wp\/v2\/posts\/1386\/revisions"}],"predecessor-version":[{"id":1388,"href":"https:\/\/queridabh.com.br\/index.php\/wp-json\/wp\/v2\/posts\/1386\/revisions\/1388"}],"wp:featuredmedia":[{"embeddable":true,"href":"https:\/\/queridabh.com.br\/index.php\/wp-json\/wp\/v2\/media\/1387"}],"wp:attachment":[{"href":"https:\/\/queridabh.com.br\/index.php\/wp-json\/wp\/v2\/media?parent=1386"}],"wp:term":[{"taxonomy":"category","embeddable":true,"href":"https:\/\/queridabh.com.br\/index.php\/wp-json\/wp\/v2\/categories?post=1386"},{"taxonomy":"post_tag","embeddable":true,"href":"https:\/\/queridabh.com.br\/index.php\/wp-json\/wp\/v2\/tags?post=1386"}],"curies":[{"name":"wp","href":"https:\/\/api.w.org\/{rel}","templated":true}]}}