{"id":1389,"date":"2026-04-27T21:46:50","date_gmt":"2026-04-28T00:46:50","guid":{"rendered":"https:\/\/queridabh.com.br\/?p=1389"},"modified":"2026-04-27T21:46:50","modified_gmt":"2026-04-28T00:46:50","slug":"unimed-bh-realiza-cerimonia-de-posse-da-nova-diretoria-e-dos-conselhos","status":"publish","type":"post","link":"https:\/\/queridabh.com.br\/index.php\/2026\/04\/27\/unimed-bh-realiza-cerimonia-de-posse-da-nova-diretoria-e-dos-conselhos\/","title":{"rendered":"Unimed-BH realiza cerim\u00f4nia de posse da nova diretoria e dos conselhos"},"content":{"rendered":"\n<h3 class=\"wp-block-heading\">O m\u00e9dico ginecologista Frederico Peret assume o segundo mandato como diretor-presidente da Cooperativa mineira<\/h3>\n\n\n\n<p>A Unimed-BH realizou, no \u00faltimo dia 16 de abril, a cerim\u00f4nia de posse da nova diretoria e dos conselhos que conduzir\u00e3o a Cooperativa no ciclo 2026-2030. O evento ocorreu na sede da cooperativa, em Belo Horizonte, e reuniu autoridades do setor de sa\u00fade, representantes das entidades m\u00e9dicas e cooperativistas de Minas Gerais, m\u00e9dicos cooperados, fundadores e lideran\u00e7as.<\/p>\n\n\n\n<p>Reconhecida como uma das maiores cooperativas de trabalho m\u00e9dico do Brasil, a Unimed-BH atende atualmente mais de 1,6 milh\u00e3o de clientes e conta com mais de 5.400 m\u00e9dicos cooperados. Sua estrutura assistencial inclui 18 unidades pr\u00f3prias e uma rede credenciada com mais de 400 prestadores de servi\u00e7os em sa\u00fade. A nova gest\u00e3o assume, a partir de agora, o compromisso de dar continuidade \u00e0 estrat\u00e9gia de crescimento sustent\u00e1vel e excel\u00eancia assistencial, mantendo a Cooperativa como refer\u00eancia nacional no segmento de sa\u00fade suplementar.<\/p>\n\n\n\n<p>\u00c0 frente da diretoria estar\u00e1 o m\u00e9dico Frederico Peret, que inicia sua segunda gest\u00e3o como diretor-presidente. Comp\u00f5em ainda a nova diretoria os m\u00e9dicos cooperados Garibalde Mortoza J\u00fanior, Geraldo Teixeira Botrel, Paulo Roberto Lima Carreiro e Silvana Teot\u00f4nio Sim\u00e3o.<\/p>\n\n\n\n<p>O diretor-presidente reeleito, Frederico Peret, refor\u00e7ou em seu discurso a import\u00e2ncia desse momento. \u201cOs conselhos eleitos, que receberam a confian\u00e7a dos cooperados para conduzir a Unimed BH neste novo ciclo, assumem compromissos que s\u00e3o pilares estrat\u00e9gicos para os pr\u00f3ximos anos. Entre eles, destaco a valoriza\u00e7\u00e3o permanente do trabalho m\u00e9dico, o fortalecimento de uma governan\u00e7a cada vez mais participativa e a profissionaliza\u00e7\u00e3o cont\u00ednua da gest\u00e3o, com foco em efici\u00eancia, transpar\u00eancia e respeito aos princ\u00edpios cooperativistas que sustentam nossa trajet\u00f3ria. Avan\u00e7aremos na integra\u00e7\u00e3o plena do cuidado, conectando servi\u00e7os e equipes para melhorar os resultados em sa\u00fade, al\u00e9m de investir de forma consistente em tecnologia e inova\u00e7\u00e3o, ampliando nossa capacidade assistencial e competitividade\u201d, declarou.<\/p>\n\n\n\n<p>A cerim\u00f4nia de posse contou com a participa\u00e7\u00e3o do presidente da Ocemg, Ronaldo Scucato; o presidente da Associa\u00e7\u00e3o M\u00e9dica de Minas Gerais, F\u00e1bio Augusto de Castro Guerra; o presidente do Conselho Regional de Medicina de Minas Gerais, Ricardo Hernane Lacerda G. de Oliveira; o presidente do Sindicato dos M\u00e9dicos de Minas Gerais, Andr\u00e9 Christiano dos Santos; o presidente da Seguros Unimed, Helton Freitas; o presidente da Central Nacional Unimed, Luiz Ot\u00e1vio Fernandes de Andrade; o presidente da Federa\u00e7\u00e3o M\u00e9dica Brasileira, Fernando Luiz de Mendon\u00e7a; o presidente da Funda\u00e7\u00e3o Educacional Lucas Machado, Wagner Eduardo Ferreira, o presidente do Sicoob Credicom, Jo\u00e3o Augusto de Oliveira Fernandes, o presidente da Federa\u00e7\u00e3o Nacional das Cooperativas M\u00e9dicas, S\u00e9rgio Lages Murta e os diretores da Unimed Federa\u00e7\u00e3o Minas, Guilherme Lobo da Silveira, Vitor Guilherme Maluf Curi, Aylan Cesar de Melo e Cristiano Silva Rocha. Tamb\u00e9m marcaram presen\u00e7a no evento representadores dos prestadores e parceiros da Unimed-BH.<\/p>\n","protected":false},"excerpt":{"rendered":"<p>O m\u00e9dico ginecologista Frederico Peret assume o segundo mandato como diretor-presidente da Cooperativa mineira A Unimed-BH realizou, no \u00faltimo dia&hellip;<\/p>\n","protected":false},"author":2,"featured_media":1390,"comment_status":"open","ping_status":"open","sticky":false,"template":"","format":"standard","meta":{"footnotes":""},"categories":[6,12],"tags":[],"class_list":["post-1389","post","type-post","status-publish","format-standard","has-post-thumbnail","hentry","category-mercado","category-principal"],"_links":{"self":[{"href":"https:\/\/queridabh.com.br\/index.php\/wp-json\/wp\/v2\/posts\/1389","targetHints":{"allow":["GET"]}}],"collection":[{"href":"https:\/\/queridabh.com.br\/index.php\/wp-json\/wp\/v2\/posts"}],"about":[{"href":"https:\/\/queridabh.com.br\/index.php\/wp-json\/wp\/v2\/types\/post"}],"author":[{"embeddable":true,"href":"https:\/\/queridabh.com.br\/index.php\/wp-json\/wp\/v2\/users\/2"}],"replies":[{"embeddable":true,"href":"https:\/\/queridabh.com.br\/index.php\/wp-json\/wp\/v2\/comments?post=1389"}],"version-history":[{"count":1,"href":"https:\/\/queridabh.com.br\/index.php\/wp-json\/wp\/v2\/posts\/1389\/revisions"}],"predecessor-version":[{"id":1391,"href":"https:\/\/queridabh.com.br\/index.php\/wp-json\/wp\/v2\/posts\/1389\/revisions\/1391"}],"wp:featuredmedia":[{"embeddable":true,"href":"https:\/\/queridabh.com.br\/index.php\/wp-json\/wp\/v2\/media\/1390"}],"wp:attachment":[{"href":"https:\/\/queridabh.com.br\/index.php\/wp-json\/wp\/v2\/media?parent=1389"}],"wp:term":[{"taxonomy":"category","embeddable":true,"href":"https:\/\/queridabh.com.br\/index.php\/wp-json\/wp\/v2\/categories?post=1389"},{"taxonomy":"post_tag","embeddable":true,"href":"https:\/\/queridabh.com.br\/index.php\/wp-json\/wp\/v2\/tags?post=1389"}],"curies":[{"name":"wp","href":"https:\/\/api.w.org\/{rel}","templated":true}]}}