{"id":1405,"date":"2026-04-28T20:50:19","date_gmt":"2026-04-28T23:50:19","guid":{"rendered":"https:\/\/queridabh.com.br\/?p=1405"},"modified":"2026-04-28T20:50:19","modified_gmt":"2026-04-28T23:50:19","slug":"que-se-dance-promove-jam-de-improvisacao-para-celebrar-o-dia-internacional-da-danca","status":"publish","type":"post","link":"https:\/\/queridabh.com.br\/index.php\/2026\/04\/28\/que-se-dance-promove-jam-de-improvisacao-para-celebrar-o-dia-internacional-da-danca\/","title":{"rendered":"Que se Dance promove jam de improvisa\u00e7\u00e3o para celebrar o Dia Internacional da Dan\u00e7a"},"content":{"rendered":"\n<h2 class=\"wp-block-heading\">A\u00e7\u00e3o acontece em 29 de abril, \u00e0s 19h30, na Pra\u00e7a da Esta\u00e7\u00e3o, em Belo Horizonte, como parte da programa\u00e7\u00e3o da plataforma Que se Dance<\/h2>\n\n\n\n<p>Celebrado em 29 de abril, o Dia Internacional da Dan\u00e7a ser\u00e1 marcado, em Belo Horizonte, por uma Jam de Improvisa\u00e7\u00e3o em Dan\u00e7a promovida pela plataforma Que se Dance. A atividade acontece na quarta-feira, dia 29, das 19h30 \u00e0s 20h30, na Pra\u00e7a da Esta\u00e7\u00e3o, propondo um encontro aberto ao p\u00fablico, com ou sem experi\u00eancia, para experimenta\u00e7\u00e3o coletiva por meio do movimento, no qual os participantes s\u00e3o convidados a integrar a jam de forma livre. A escolha da Pra\u00e7a da Esta\u00e7\u00e3o \u00e9 uma forma de ocupar um espa\u00e7o p\u00fablico acess\u00edvel e com o potencial de promover encontros entre diferentes pessoas por meio da dan\u00e7a.<\/p>\n\n\n\n<p>A a\u00e7\u00e3o integra o conjunto de atividades do Que se Dance, iniciativa voltada \u00e0 forma\u00e7\u00e3o, experimenta\u00e7\u00e3o e difus\u00e3o da dan\u00e7a como linguagem art\u00edstica, que realiza uma programa\u00e7\u00e3o gratuita entre os dias 26 de mar\u00e7o e 16 de junho em diferentes regi\u00f5es da cidade. Ao longo desse per\u00edodo, o projeto promove oficinas, rodas de conversa, resid\u00eancia art\u00edstica em videodan\u00e7a e exibi\u00e7\u00e3o p\u00fablica dos trabalhos desenvolvidos.<\/p>\n\n\n\n<p>De acordo com o idealizador Ygor Gohan, a iniciativa dialoga diretamente com o significado da data. \u201cO Dia Internacional da Dan\u00e7a refor\u00e7a a import\u00e2ncia de ampliar o acesso a essa linguagem e de reconhecer sua pot\u00eancia como forma de express\u00e3o e encontro. A jam \u00e9 uma forma de celebrar essa data de maneira aberta, convidando as pessoas a vivenciarem a dan\u00e7a na pr\u00e1tica. E o projeto busca justamente incentivar essa aproxima\u00e7\u00e3o, criando oportunidades para que diferentes p\u00fablicos se conectem com a dan\u00e7a\u201d, afirma.<\/p>\n\n\n\n<p>A jam segue o formato tradicional desse tipo de encontro, caracterizado por uma din\u00e2mica horizontal e sem condu\u00e7\u00e3o fixa, em que cada participante define como iniciar, desenvolver e finalizar sua movimenta\u00e7\u00e3o. A proposta \u00e9 incentivar a liberdade de express\u00e3o, o respeito \u00e0 diversidade de corpos e o encontro entre diferentes trajet\u00f3rias e repert\u00f3rios, tendo a improvisa\u00e7\u00e3o como eixo central da experi\u00eancia.<\/p>\n\n\n\n<p><strong>Que se Dance<\/strong><br>Contemplando diferentes linguagens e abordagens, a programa\u00e7\u00e3o do Que se Dance inclui oficinas de dan\u00e7a cl\u00e1ssica, moderna, afro-brasileira, dan\u00e7as urbanas, vogue, funk e pr\u00e1ticas som\u00e1ticas, al\u00e9m de atividades voltadas \u00e0 inf\u00e2ncia, pessoas com defici\u00eancia e p\u00fablicos acima de 50 anos. As a\u00e7\u00f5es s\u00e3o realizadas em equipamentos culturais p\u00fablicos distribu\u00eddos por diversas regionais da capital, ampliando o acesso \u00e0 forma\u00e7\u00e3o e promovendo a circula\u00e7\u00e3o de saberes entre artistas, estudantes e interessados.<\/p>\n\n\n\n<p>Desde o in\u00edcio da programa\u00e7\u00e3o, em mar\u00e7o, j\u00e1 foram realizadas atividades como a oficina de longa dura\u00e7\u00e3o \u201cPo\u00e9ticas do Corpo, Dan\u00e7a e Diferen\u00e7a\u201d, voltada a pessoas com defici\u00eancia, al\u00e9m de encontros formativos em dan\u00e7a cl\u00e1ssica e moderna. Em abril, o projeto segue com oficinas de funk, vogue, dan\u00e7as para inf\u00e2ncias e dan\u00e7as afro-brasileiras, ampliando o di\u00e1logo com diferentes p\u00fablicos e territ\u00f3rios. Nos pr\u00f3ximos meses, a programa\u00e7\u00e3o ainda prev\u00ea atividades como Body-Mind Centering, Dan\u00e7a e Afrodi\u00e1spora, Dan\u00e7as e Corpos Maduros, Dan\u00e7a e Performance, Dan\u00e7as Urbanas e Improvisa\u00e7\u00e3o em Dan\u00e7a, distribu\u00eddas em diferentes espa\u00e7os culturais da cidade.<\/p>\n\n\n\n<p>Entre os eixos do projeto est\u00e1 tamb\u00e9m a realiza\u00e7\u00e3o de uma resid\u00eancia art\u00edstica em videodan\u00e7a, prevista para ocorrer entre os dias 8 e 12 de junho, reunindo participantes em um processo de cria\u00e7\u00e3o coletiva que envolve etapas de concep\u00e7\u00e3o, grava\u00e7\u00e3o e edi\u00e7\u00e3o. O resultado ser\u00e1 apresentado ao p\u00fablico e exibido em escolas p\u00fablicas da cidade, como parte das a\u00e7\u00f5es de difus\u00e3o cultural.<\/p>\n\n\n\n<p>As oficinas t\u00eam inscri\u00e7\u00f5es gratuitas, realizadas por meio de formul\u00e1rio online dispon\u00edvel na bio do perfil do projeto no Instagram @quesedance_, enquanto as rodas de conversa s\u00e3o abertas ao p\u00fablico e n\u00e3o exigem inscri\u00e7\u00e3o pr\u00e9via. O projeto tamb\u00e9m disponibiliza recursos de acessibilidade, como int\u00e9rpretes de Libras e audiodescri\u00e7\u00e3o, mediante solicita\u00e7\u00e3o no momento da inscri\u00e7\u00e3o<\/p>\n\n\n\n<p><br><strong>Servi\u00e7o<\/strong><br><strong>Jam de Improvisa\u00e7\u00e3o em Dan\u00e7a \u2013 Que se Dance<\/strong><br>Data: 29 de abril de 2026 (quarta-feira)<br>Hor\u00e1rio: 19h30 \u00e0s 20h30<br>Local: Pra\u00e7a da Esta\u00e7\u00e3o (em frente ao Museu de Artes e Of\u00edcios), Belo Horizonte<br>Participa\u00e7\u00e3o: gratuita e aberta ao p\u00fablico, com ou sem experi\u00eancia em dan\u00e7a<\/p>\n","protected":false},"excerpt":{"rendered":"<p>A\u00e7\u00e3o acontece em 29 de abril, \u00e0s 19h30, na Pra\u00e7a da Esta\u00e7\u00e3o, em Belo Horizonte, como parte da programa\u00e7\u00e3o da&hellip;<\/p>\n","protected":false},"author":2,"featured_media":1406,"comment_status":"open","ping_status":"open","sticky":false,"template":"","format":"standard","meta":{"footnotes":""},"categories":[13],"tags":[],"class_list":["post-1405","post","type-post","status-publish","format-standard","has-post-thumbnail","hentry","category-eventos"],"_links":{"self":[{"href":"https:\/\/queridabh.com.br\/index.php\/wp-json\/wp\/v2\/posts\/1405","targetHints":{"allow":["GET"]}}],"collection":[{"href":"https:\/\/queridabh.com.br\/index.php\/wp-json\/wp\/v2\/posts"}],"about":[{"href":"https:\/\/queridabh.com.br\/index.php\/wp-json\/wp\/v2\/types\/post"}],"author":[{"embeddable":true,"href":"https:\/\/queridabh.com.br\/index.php\/wp-json\/wp\/v2\/users\/2"}],"replies":[{"embeddable":true,"href":"https:\/\/queridabh.com.br\/index.php\/wp-json\/wp\/v2\/comments?post=1405"}],"version-history":[{"count":1,"href":"https:\/\/queridabh.com.br\/index.php\/wp-json\/wp\/v2\/posts\/1405\/revisions"}],"predecessor-version":[{"id":1407,"href":"https:\/\/queridabh.com.br\/index.php\/wp-json\/wp\/v2\/posts\/1405\/revisions\/1407"}],"wp:featuredmedia":[{"embeddable":true,"href":"https:\/\/queridabh.com.br\/index.php\/wp-json\/wp\/v2\/media\/1406"}],"wp:attachment":[{"href":"https:\/\/queridabh.com.br\/index.php\/wp-json\/wp\/v2\/media?parent=1405"}],"wp:term":[{"taxonomy":"category","embeddable":true,"href":"https:\/\/queridabh.com.br\/index.php\/wp-json\/wp\/v2\/categories?post=1405"},{"taxonomy":"post_tag","embeddable":true,"href":"https:\/\/queridabh.com.br\/index.php\/wp-json\/wp\/v2\/tags?post=1405"}],"curies":[{"name":"wp","href":"https:\/\/api.w.org\/{rel}","templated":true}]}}