{"id":1427,"date":"2026-04-30T18:05:37","date_gmt":"2026-04-30T21:05:37","guid":{"rendered":"https:\/\/queridabh.com.br\/?p=1427"},"modified":"2026-04-30T18:05:37","modified_gmt":"2026-04-30T21:05:37","slug":"ricardo-valentini-deixa-carreira-internacional-para-enfrentar-um-problema-global-o-calor","status":"publish","type":"post","link":"https:\/\/queridabh.com.br\/index.php\/2026\/04\/30\/ricardo-valentini-deixa-carreira-internacional-para-enfrentar-um-problema-global-o-calor\/","title":{"rendered":"Ricardo Valentini deixa carreira internacional para enfrentar um problema global: o calor"},"content":{"rendered":"\n<p>Ricardo Valentini \u00e9 um empres\u00e1rio brasileiro com forma\u00e7\u00e3o em Neg\u00f3cios Internacionais e Engenharia de Produ\u00e7\u00e3o, al\u00e9m de p\u00f3s-gradua\u00e7\u00e3o em Engenharia Mec\u00e2nica. Sua trajet\u00f3ria acad\u00eamica inclui reconhecimento internacional, com bolsas de estudo nos Estados Unidos, onde recebeu o Wall Street Journal Student Achievement Award e foi nomeado Outstanding Senior of the Year. Tamb\u00e9m \u00e9 membro fundador do Global Shapers Belo Horizonte, iniciativa ligada ao F\u00f3rum Econ\u00f4mico Mundial.<\/p>\n\n\n\n<p>Em 2013, tomou uma decis\u00e3o que mudaria o rumo de sua carreira: recusou o cargo de diretor de opera\u00e7\u00f5es em uma multinacional americana para empreender no Brasil. Em Belo Horizonte (MG), fundou o Grupo 3TC, especialista no combate ao calor e no desenvolvimento de produtos inovadores e solu\u00e7\u00f5es eficientes em engenharia t\u00e9rmica.<\/p>\n\n\n\n<p>\u00c0 frente do Grupo 3TC, Valentini liderou o desenvolvimento de uma tecnologia capaz de atuar sobre os tr\u00eas principais mecanismos de transfer\u00eancia de calor: radia\u00e7\u00e3o, convec\u00e7\u00e3o e condu\u00e7\u00e3o. Inspirada em conceitos presentes em garrafas t\u00e9rmicas e em tecnologias utilizadas em trajes espaciais, a solu\u00e7\u00e3o combina efici\u00eancia e inova\u00e7\u00e3o para o controle t\u00e9rmico em diferentes aplica\u00e7\u00f5es. A empresa rapidamente ganhou destaque nacional e foi reconhecida por tr\u00eas vezes pela revista Exame como uma das que mais crescem no Brasil em seu segmento.<\/p>\n\n\n\n<p>Entre os projetos de maior relev\u00e2ncia est\u00e3o interven\u00e7\u00f5es em patrim\u00f4nios e infraestruturas estrat\u00e9gicas, como a Igrejinha da Pampulha, reconhecida como patrim\u00f4nio da UNESCO, e o Aeroporto Eduardo Gomes, em Manaus. A atua\u00e7\u00e3o da empresa tamb\u00e9m avan\u00e7a no cen\u00e1rio internacional, com novas patentes e solu\u00e7\u00f5es voltadas \u00e0 sustentabilidade e ao enfrentamento de desafios clim\u00e1ticos.Com uma vis\u00e3o voltada \u00e0 inova\u00e7\u00e3o e impacto socioambiental, Ricardo Valentini consolida sua trajet\u00f3ria como um empreendedor que aposta em tecnologias para enfrentar um dos principais desafios contempor\u00e2neos: o calor, contribuindo para a democratiza\u00e7\u00e3o do acesso ao conforto t\u00e9rmico.<\/p>\n","protected":false},"excerpt":{"rendered":"<p>Ricardo Valentini \u00e9 um empres\u00e1rio brasileiro com forma\u00e7\u00e3o em Neg\u00f3cios Internacionais e Engenharia de Produ\u00e7\u00e3o, al\u00e9m de p\u00f3s-gradua\u00e7\u00e3o em Engenharia&hellip;<\/p>\n","protected":false},"author":2,"featured_media":1428,"comment_status":"open","ping_status":"open","sticky":false,"template":"","format":"standard","meta":{"footnotes":""},"categories":[12,15],"tags":[],"class_list":["post-1427","post","type-post","status-publish","format-standard","has-post-thumbnail","hentry","category-principal","category-variedades"],"_links":{"self":[{"href":"https:\/\/queridabh.com.br\/index.php\/wp-json\/wp\/v2\/posts\/1427","targetHints":{"allow":["GET"]}}],"collection":[{"href":"https:\/\/queridabh.com.br\/index.php\/wp-json\/wp\/v2\/posts"}],"about":[{"href":"https:\/\/queridabh.com.br\/index.php\/wp-json\/wp\/v2\/types\/post"}],"author":[{"embeddable":true,"href":"https:\/\/queridabh.com.br\/index.php\/wp-json\/wp\/v2\/users\/2"}],"replies":[{"embeddable":true,"href":"https:\/\/queridabh.com.br\/index.php\/wp-json\/wp\/v2\/comments?post=1427"}],"version-history":[{"count":1,"href":"https:\/\/queridabh.com.br\/index.php\/wp-json\/wp\/v2\/posts\/1427\/revisions"}],"predecessor-version":[{"id":1429,"href":"https:\/\/queridabh.com.br\/index.php\/wp-json\/wp\/v2\/posts\/1427\/revisions\/1429"}],"wp:featuredmedia":[{"embeddable":true,"href":"https:\/\/queridabh.com.br\/index.php\/wp-json\/wp\/v2\/media\/1428"}],"wp:attachment":[{"href":"https:\/\/queridabh.com.br\/index.php\/wp-json\/wp\/v2\/media?parent=1427"}],"wp:term":[{"taxonomy":"category","embeddable":true,"href":"https:\/\/queridabh.com.br\/index.php\/wp-json\/wp\/v2\/categories?post=1427"},{"taxonomy":"post_tag","embeddable":true,"href":"https:\/\/queridabh.com.br\/index.php\/wp-json\/wp\/v2\/tags?post=1427"}],"curies":[{"name":"wp","href":"https:\/\/api.w.org\/{rel}","templated":true}]}}