{"id":16,"date":"2025-04-17T09:52:38","date_gmt":"2025-04-17T12:52:38","guid":{"rendered":"https:\/\/queridabh.com.br\/?p=16"},"modified":"2025-04-17T09:52:38","modified_gmt":"2025-04-17T12:52:38","slug":"focus-cia-de-danca-encerra-tour-por-minas-gerais-com-apresentacoes-em-ibirite-19-e-20-04","status":"publish","type":"post","link":"https:\/\/queridabh.com.br\/index.php\/2025\/04\/17\/focus-cia-de-danca-encerra-tour-por-minas-gerais-com-apresentacoes-em-ibirite-19-e-20-04\/","title":{"rendered":"Focus Cia de Dan\u00e7a encerra tour por Minas Gerais com apresenta\u00e7\u00f5es em Ibirit\u00e9 &#8211; 19 e 20\/04"},"content":{"rendered":"\n<p class=\"has-small-font-size\"><em>Cr\u00e9dito: <em>Dantas Jr.<\/em><\/em><\/p>\n\n\n\n<p class=\"has-small-font-size\"><em>Carro-chefe e fen\u00f4meno de p\u00fablico, coreografia brilha na agenda de comemora\u00e7\u00e3o dos 25 anos da Focus Cia de Dan\u00e7a. Montagem poder\u00e1 ser conferida gratuitamente no Teatro Municipal de Ibirit\u00e9 neste s\u00e1bado e domingo<\/em><\/p>\n\n\n\n<p>A Focus Cia de Dan\u00e7a, sob a dire\u00e7\u00e3o art\u00edstica do renomado core\u00f3grafo Alex Neoral, desembarca em Ibirit\u00e9, na regi\u00e3o metropolitana de Belo Horizonte, para duas apresenta\u00e7\u00f5es gratuitas do espet\u00e1culo&nbsp;<strong><em>As Can\u00e7\u00f5es Que Voc\u00ea Dan\u00e7ou Pra Mim<\/em>,&nbsp;<\/strong>nos dias 19 e 20 de abril, no Teatro Municipal de Ibirit\u00e9. Com o patroc\u00ednio oficial da Petrobras, por meio da Lei Federal de Incentivo \u00e0 Cultura, a companhia oferece ao p\u00fablico uma experi\u00eancia emocionante e envolvente a partir da m\u00fasica do \u201crei\u201d Roberto Carlos. I\u00ea-i\u00ea-i\u00ea, can\u00e7\u00f5es rom\u00e2nticas, cl\u00e1ssicos de tirar o f\u00f4lego, comp\u00f5em a colagem musical, de 1960 a 1990, que inspira o roteiro de&nbsp;<strong><em>As Can\u00e7\u00f5es Que Voc\u00ea Dan\u00e7ou Pra Mim<\/em><\/strong>. A apresenta\u00e7\u00e3o em Ibirit\u00e9 encerra a tour da companhia por Minas Gerais, incluindo apresenta\u00e7\u00f5es em outras cidades, como Uberl\u00e2ndia, Arax\u00e1 e Ouro Preto. &nbsp;<\/p>\n\n\n\n<p>S\u00e3o muitas emo\u00e7\u00f5es, como diria Roberto Carlos. Vinte e cinco anos de&nbsp;<em>vidas<\/em>: de gente que lota as plateias dento e fora do Brasil, mas tamb\u00e9m bailarinos, diretores de arte, cen\u00f3grafos, iluminadores, figurinistas, regidos pelo diretor Alex Neoral e pela gestora Tati Garcias, fundadores da premiada companhia. A cada novo espet\u00e1culo, desde 2000, as montagens coreogr\u00e1ficas atravessaram 100 cidades brasileiras e pa\u00edses como Col\u00f4mbia, Bol\u00edvia, M\u00e9xico, Costa Rica, Canad\u00e1, Estados Unidos, Portugal, It\u00e1lia, Fran\u00e7a, Alemanha, Panam\u00e1 e Espanha. A estreia em Ibirit\u00e9 ser\u00e1 realizada inclusive no dia de anivers\u00e1rio de Roberto Carlos.<\/p>\n\n\n\n<p>Desde sua estreia em 2011,&nbsp;<strong><em>As Can\u00e7\u00f5es Que Voc\u00ea Dan\u00e7ou Pra Mim&nbsp;<\/em><\/strong>integra o repert\u00f3rio de 26 obras e 16 espet\u00e1culos da Focus Cia de Dan\u00e7a, sendo um dos mais celebrados espet\u00e1culos. Sucesso de p\u00fablico, a montagem foi eleita um dos melhores espet\u00e1culos de 2011 segundo o jornal&nbsp;<strong>O Globo<\/strong>, e de 2012, na opini\u00e3o dos cr\u00edticos da Folha de S\u00e3o Paulo<\/p>\n\n\n\n<p><em>\u201cTodos os territ\u00f3rios da arte me inspiram na cria\u00e7\u00e3o e desenvolvimento em cada obra do repert\u00f3rio, de quase 30 pe\u00e7as coreogr\u00e1ficas. Reunir trabalhos recentes com outros do in\u00edcio da hist\u00f3ria da companhia me possibilita entender esse percurso, a continuidade, sem um \u00fanico momento fora de cena, \u00e9 um privil\u00e9gio na dan\u00e7a contempor\u00e2nea. A cada nova sess\u00e3o de \u2018As can\u00e7\u00f5es\u2019 a gente vive, literalmente, muitas emo\u00e7\u00f5es. Porque trata-se de uma coreografia que se comunica com v\u00e1rias gera\u00e7\u00f5es. Gente que j\u00e1 assistiu v\u00e1rias vezes, 50+, como a galera da Gera\u00e7\u00e3o Z\u201d, analisa Alex Neoral.<\/em><\/p>\n\n\n\n<p>Gestora da Focus Cia de Dan\u00e7a, Tati Garcias passou 2024 de olho nesse 2025. Bodas de prata s\u00e3o bodas de prata. \u201cNossa principal meta \u00e9 incluir e ampliar o p\u00fablico em nossas turn\u00eas. Por isso, a programa\u00e7\u00e3o prev\u00ea entrada franca em parte das nossas apresenta\u00e7\u00f5es por todo o Brasil. \u00c9 sempre importante lembrar que toda a estrutura que permite nossas viagens pelo Brasil e pelo mundo, al\u00e9m da contrata\u00e7\u00e3o dos bailarinos, ter uma sede no Centro do Rio, enfim, movimentar toda essa engrenagem, \u00e9 resultado da parceria com a Petrobras\u201d, destaca Tati.<\/p>\n\n\n\n<p>Sabem l\u00e1 o que \u00e9 ter f\u00e3 que j\u00e1 assistiu duas, tr\u00eas, dez vezes? Praticamente, f\u00e3s de carteirinha seguem&nbsp;<strong><em>As Can\u00e7\u00f5es Que Voc\u00ea Dan\u00e7ou Pra Mim<\/em><\/strong>. Gente que vai toda santa temporada. Atualmente, quase 400 mil pessoas de p\u00fablico pagante. \u201cO sucesso de&nbsp;<strong><em>As Can\u00e7\u00f5es Que Voc\u00ea Dan\u00e7ou pra Mim<\/em><\/strong>, al\u00e9m do fato de ser um espet\u00e1culo inspirado no imenso artista que \u00e9 o Roberto Carlos, tamb\u00e9m ocorre, acredito eu, por inspirarmos amor com nossa coreografia. Realizei uma colagem de quase 80 can\u00e7\u00f5es que conduzem muitos momentos de ternura, al\u00e9m, \u00e9 claro, de amizade, humor e muito mais ao longo do espet\u00e1culo\u201d, define Neoral.<\/p>\n\n\n\n<p>I\u00ea-i\u00ea-i\u00ea<\/p>\n\n\n\n<p>\u201cA escolha por dan\u00e7ar Roberto Carlos surgiu em brincadeiras do pr\u00f3prio elenco. Durante as viagens da companhia era comum ouvir os bailarinos cantando as m\u00fasicas do rei, interrompendo um ao outro a partir de uma palavra comum nas letras\u201d, lembra Neoral. Da mesma forma, em cena, \u201cuma can\u00e7\u00e3o puxa a que vem em sequ\u00eancia, formando uma grande hist\u00f3ria. \u00c9 como se uma perguntasse e a outra respondesse\u201d, completa o diretor. Todas as composi\u00e7\u00f5es s\u00e3o sempre na voz do pr\u00f3prio Roberto, em vers\u00f5es originais de cl\u00e1ssicos lan\u00e7ados entre as d\u00e9cadas de 1960 a 1990. Tem mais: os figurinos s\u00e3o todos em tons de azul, com o estilo de cada \u00e9poca e tamb\u00e9m toques contempor\u00e2neos. Rosas vermelhas consagram cada sess\u00e3o em momentos \u00fanicos para artistas e espectadores<\/p>\n\n\n\n<p><strong>SOBRE A COMPANHIA<\/strong><\/p>\n\n\n\n<p>Com 26 obras e 16 espet\u00e1culos em seu repert\u00f3rio, a Focus Cia de Dan\u00e7a se consagrou atrav\u00e9s da cr\u00edtica especializada e sucesso de p\u00fablico. Apresentou-se em mais de 100 cidades brasileiras e levou sua arte para pa\u00edses como Col\u00f4mbia, Bol\u00edvia, M\u00e9xico, Costa Rica, Canad\u00e1, Estados Unidos, Portugal, It\u00e1lia, Fran\u00e7a, Alemanha e Panam\u00e1.<\/p>\n\n\n\n<p>Da literatura \u00e0 m\u00fasica instrumental, passando pela pintura universal, \u00e9 vasta a fonte de inspira\u00e7\u00e3o: Clarice Lispector \u00e9 a base do vigoroso \u201cVinte\u201d, a obra do compositor contempor\u00e2neo norte-americano Steven Reich leva a \u201cStill Reich\u201d, a saudosa Carlota Portella e core\u00f3grafas brasileiras presentes na hist\u00f3ria de Alex Neoral oferecem o DNA para \u201cCarlota\u201d, com tangos de Astor Piazzolla. Em 2024, no Theatro Municipal do Rio de Janeiro, a Focus Cia de Dan\u00e7a parou o Rio com a estreia de \u201cEntre a pele e a alma\u201d: a trilha original exclusiva, interpretada em est\u00fadio por Ney Matogrosso, conduziu a coreografia inovadora inspirada no profano e sagrado a partir do tr\u00edptico \u201cO jardim das del\u00edcias\u201d, de Hieronymus Bosch. A Focus Cia de Dan\u00e7a estreou em 2020 o primeiro infantil de sua biografia, o m\u00e1gico \u201cBichos Dan\u00e7antes\u201d. Naquele ano, durante a pandemia de covid-19, lan\u00e7ou no Youtube, ao vivo, via streaming, \u201cCora\u00e7\u00f5es em espera\u201d, que foi apresentado ao longo de 17 semanas consecutivas. A obra foi indicada ao pr\u00eamio APCA na categoria cria\u00e7\u00e3o.<\/p>\n\n\n\n<p>Em 2019 a Focus ganhou o 1\u00ba Pr\u00eamio Cesgranrio de Dan\u00e7a com a coreografia \u201cKeta\u201d, parte integrante do espet\u00e1culo \u201cStill Reich\u201d e teve seu elenco indicado ao pr\u00eamio APCA. Ainda no mesmo ano, recebeu a indica\u00e7\u00e3o de melhor coreografia para \u201cFocus Dan\u00e7a Bach\u201d ao 2\u00ba Pr\u00eamio Cesgranrio de Dan\u00e7a, tamb\u00e9m melhor bailarina e melhor bailarino. Em 2017, se apresentou no Rock In Rio, ao lado de Fernanda Abreu. Em 2016, recebeu a Comenda da Ordem do M\u00e9rito Cultural, do Minist\u00e9rio da Cultura, maior condecora\u00e7\u00e3o da cultura brasileira.<\/p>\n\n\n\n<p>Ficha T\u00e9cnica:<\/p>\n\n\n\n<p>Dire\u00e7\u00e3o, Concep\u00e7\u00e3o, Coreografia: Alex Neoral<\/p>\n\n\n\n<p>Dire\u00e7\u00e3o de Produ\u00e7\u00e3o: Tatiana Garcias<\/p>\n\n\n\n<p>Produ\u00e7\u00e3o Executiva: Giselli Ribeiro<\/p>\n\n\n\n<p>Ilumina\u00e7\u00e3o: Binho Schaefer<\/p>\n\n\n\n<p>T\u00e9cnico de Ilumina\u00e7\u00e3o: Anderson Ratto<\/p>\n\n\n\n<p>T\u00e9cnico de Palco: Paulo Barbeto, Pedro Junior e Luis Oliveira<\/p>\n\n\n\n<p>Ambienta\u00e7\u00e3o C\u00eanica: Marcio Jah\u00fa<\/p>\n\n\n\n<p>Visagismo e Figurinos: Andr\u00e9 Vital<\/p>\n\n\n\n<p>Confec\u00e7\u00e3o de Figurinos: Jacira Garcias<\/p>\n\n\n\n<p>Reda\u00e7\u00e3o: M\u00f4nica Riani<\/p>\n\n\n\n<p>Fotos: Dantas Jr., Barbara Furtado e Dan Coelho<\/p>\n\n\n\n<p>Programa\u00e7\u00e3o Visual: Barbara Lana<\/p>\n\n\n\n<p>M\u00eddias Sociais: GuiiuG Comunica\u00e7\u00e3o<\/p>\n\n\n\n<p>Dan\u00e7ado com: Afonso Gondim, Bianca Lopes, Carolina de S\u00e1, Cec\u00edlia Valladares, Cosme Gregory, Felipe Silva, Jeison Lopes, Paloma Tauffer, Yasmin Almeida e Wesley Tavares<\/p>\n\n\n\n<p><strong><em>As can\u00e7\u00f5es que voc\u00ea dan\u00e7ou pra mim \u2013 Focus Cia de Dan\u00e7a. Dir. Alex Neoral<\/em><\/strong><\/p>\n\n\n\n<p><strong>Local<\/strong>: Teatro Municipal de Ibirit\u00e9<\/p>\n\n\n\n<p><strong>Endere\u00e7o<\/strong>: Rua Silveira, 47 &#8211; Ibirit\u00e9 &#8211; Minas Gerais<\/p>\n\n\n\n<p><strong>Datas<\/strong>: 19 e 20 de abril &#8211; s\u00e1bado e domingo<\/p>\n\n\n\n<p><strong>Hor\u00e1rios das sess\u00f5es<\/strong>: s\u00e1bado e domingo \u00e0s 19h<\/p>\n\n\n\n<p><strong>Ingressos<\/strong>: gratuitos (mediante retirada na bilheteria do teatro antes da apresenta\u00e7\u00e3o)<\/p>\n\n\n\n<p><strong>Classifica\u00e7\u00e3o et\u00e1ria<\/strong>: LIVRE<\/p>\n\n\n\n<p class=\"has-small-font-size\"><strong>Dura\u00e7\u00e3o<\/strong>: 60 minutos<em><br><\/em><\/p>\n\n\n\n<p><\/p>\n","protected":false},"excerpt":{"rendered":"<p>Cr\u00e9dito: Dantas Jr. Carro-chefe e fen\u00f4meno de p\u00fablico, coreografia brilha na agenda de comemora\u00e7\u00e3o dos 25 anos da Focus Cia&hellip;<\/p>\n","protected":false},"author":1,"featured_media":17,"comment_status":"open","ping_status":"open","sticky":false,"template":"","format":"standard","meta":{"footnotes":""},"categories":[8],"tags":[],"class_list":["post-16","post","type-post","status-publish","format-standard","has-post-thumbnail","hentry","category-cultura"],"_links":{"self":[{"href":"https:\/\/queridabh.com.br\/index.php\/wp-json\/wp\/v2\/posts\/16","targetHints":{"allow":["GET"]}}],"collection":[{"href":"https:\/\/queridabh.com.br\/index.php\/wp-json\/wp\/v2\/posts"}],"about":[{"href":"https:\/\/queridabh.com.br\/index.php\/wp-json\/wp\/v2\/types\/post"}],"author":[{"embeddable":true,"href":"https:\/\/queridabh.com.br\/index.php\/wp-json\/wp\/v2\/users\/1"}],"replies":[{"embeddable":true,"href":"https:\/\/queridabh.com.br\/index.php\/wp-json\/wp\/v2\/comments?post=16"}],"version-history":[{"count":1,"href":"https:\/\/queridabh.com.br\/index.php\/wp-json\/wp\/v2\/posts\/16\/revisions"}],"predecessor-version":[{"id":18,"href":"https:\/\/queridabh.com.br\/index.php\/wp-json\/wp\/v2\/posts\/16\/revisions\/18"}],"wp:featuredmedia":[{"embeddable":true,"href":"https:\/\/queridabh.com.br\/index.php\/wp-json\/wp\/v2\/media\/17"}],"wp:attachment":[{"href":"https:\/\/queridabh.com.br\/index.php\/wp-json\/wp\/v2\/media?parent=16"}],"wp:term":[{"taxonomy":"category","embeddable":true,"href":"https:\/\/queridabh.com.br\/index.php\/wp-json\/wp\/v2\/categories?post=16"},{"taxonomy":"post_tag","embeddable":true,"href":"https:\/\/queridabh.com.br\/index.php\/wp-json\/wp\/v2\/tags?post=16"}],"curies":[{"name":"wp","href":"https:\/\/api.w.org\/{rel}","templated":true}]}}