{"id":19,"date":"2025-04-17T10:01:25","date_gmt":"2025-04-17T13:01:25","guid":{"rendered":"https:\/\/queridabh.com.br\/?p=19"},"modified":"2025-04-17T10:03:14","modified_gmt":"2025-04-17T13:03:14","slug":"teatro-feluma-recebe-a-cantora-julia-assis-para-o-show-de-lancamento-do-primeiro-disco-autoral-maya","status":"publish","type":"post","link":"https:\/\/queridabh.com.br\/index.php\/2025\/04\/17\/teatro-feluma-recebe-a-cantora-julia-assis-para-o-show-de-lancamento-do-primeiro-disco-autoral-maya\/","title":{"rendered":"Teatro Feluma recebe a cantora J\u00falia Assis para o show de lan\u00e7amento do primeiro disco autoral, MAYA"},"content":{"rendered":"\n<p><em>Cr\u00e9dito: divulga\u00e7\u00e3o<\/em><\/p>\n\n\n\n<p>O&nbsp;<strong>Teatro Feluma<\/strong>&nbsp;recebe no s\u00e1bado, 26 de abril, o musical MAYA, que re\u00fane can\u00e7\u00f5es autorais da cantora J\u00falia Assis. O disco com 12 faixas foi lan\u00e7ado no ano passado nas plataformas digitais, e, agora, ser\u00e1 apresentado pela primeira vez em um show que promete emocionar o p\u00fablico.<\/p>\n\n\n\n<p>&nbsp;O disco Maya, que ganhou esse nome em homenagem \u00e0 primeira filha da cantora, fala sobre a maternidade e as diversas formas em que ela pode ser representada. O trabalho \u00e9 uma colet\u00e2nea de 12 m\u00fasicas que come\u00e7aram a ser escritas em 2016, mas que, gra\u00e7as \u00e0 Lei Municipal de Incentivo \u00e0 Cultura, em 2024, puderam ser gravadas e se transformaram em disco.<\/p>\n\n\n\n<p>&nbsp;O estilo musical da cantora conversa muito com a MPB e m\u00fasicas de culturas tradicionais presentes no Brasil e no mundo, como o congado, o samba de terreiro, a m\u00fasica cigana, andina, entre outras.<\/p>\n\n\n\n<p>No musical&nbsp;<strong>MAYA<\/strong>, J\u00falia Assis se apresenta ao lado do marido Yuri, que tamb\u00e9m \u00e9 cantor e violonista, e de uma banda formada por percussionistas, violinista, baixista, tecladista, e, ainda, conta com a participa\u00e7\u00e3o especial do diretor musical do disco, o multi-instrumentista Gustavito Amaral.<\/p>\n\n\n\n<p><strong>Servi\u00e7o:<\/strong><\/p>\n\n\n\n<p><strong>Musical Maya<\/strong><\/p>\n\n\n\n<p><strong>Dia e Hor\u00e1rio<\/strong>: s\u00e1bado, 26 de abril, \u00e0s 19h<\/p>\n\n\n\n<p><strong>Local:<\/strong>&nbsp;Teatro Feluma, A Alameda Ezequiel Dias, n\u00ba 275, 7\u00ba andar, Centro &#8211; Belo Horizonte, MG<\/p>\n\n\n\n<p><strong>Ingresso:<\/strong>&nbsp;Sympla \u2013 R$ 50 (inteira) e R$ 25 (meia entrada)&nbsp;<a href=\"https:\/\/bileto.sympla.com.br\/event\/104461\" target=\"_blank\" rel=\"noreferrer noopener\">https:\/\/bileto.sympla.com.br\/event\/104461<\/a><\/p>\n\n\n\n<p><strong>Assessoria de Imprensa<\/strong>: Mayra de Oliveira (31) 98868-5148<\/p>\n\n\n\n<p><strong>Instituto Cultural Ci\u00eancias M\u00e9dicas de Minas Gerais<\/strong><\/p>\n\n\n\n<p>O Instituto Cultural Ci\u00eancias M\u00e9dicas de Minas Gerais (ICCM-MG) foi inaugurado em junho de 2024 como parte do projeto estrat\u00e9gico da Funda\u00e7\u00e3o Educacional Lucas Machado (Feluma), mantenedora dos Institutos Ci\u00eancias M\u00e9dicas. Sua atua\u00e7\u00e3o abra\u00e7a a excel\u00eancia e a qualidade, comprometendo-se em promover atividades culturais, publicar trabalhos cient\u00edficos, preservar o patrim\u00f4nio hist\u00f3rico e fomentar a produ\u00e7\u00e3o art\u00edstica.<\/p>\n\n\n\n<p>O ICCM-MG \u00e9 respons\u00e1vel pela gest\u00e3o do Teatro Feluma, da Editora Universit\u00e1ria Ci\u00eancias M\u00e9dicas e do Centro de Mem\u00f3ria Ci\u00eancias M\u00e9dicas, consolidando seu compromisso com a preserva\u00e7\u00e3o cultural e o enriquecimento da sociedade.<\/p>\n\n\n\n<p><strong>Teatro Feluma<\/strong><\/p>\n\n\n\n<p>O Teatro Feluma \u00e9 uma iniciativa da Funda\u00e7\u00e3o Educacional Lucas Machado, cujo objetivo \u00e9 ampliar oportunidades para que artistas e produtores mineiros viabilizem projetos culturais, al\u00e9m de promover a integra\u00e7\u00e3o das artes com o ensino acad\u00eamico.<\/p>\n\n\n\n<p>Localizado no 7\u00ba andar do Campus I da FCM-MG, o espa\u00e7o abriga a sala de espet\u00e1culos Prof. Dr. Geraldo Magela Gomes da Cruz, com uma plateia de 382 lugares, preparada para receber espet\u00e1culos teatrais, musicais, de dan\u00e7a, al\u00e9m de eventos corporativos.<\/p>\n\n\n\n<p>Dentro do prop\u00f3sito de incentivar e favorecer a pr\u00e1tica cient\u00edfica e o aprendizado, o espa\u00e7o tamb\u00e9m tem em sua programa\u00e7\u00e3o semin\u00e1rios, congressos e outras atividades acad\u00eamicas, integrando arte, ci\u00eancia e educa\u00e7\u00e3o. Com forte voca\u00e7\u00e3o para propiciar ensino e forma\u00e7\u00e3o multidisciplinar, a FCM-MG acredita que essa iniciativa amplia o aprendizado ao associar cultura e educa\u00e7\u00e3o.<\/p>\n\n\n\n<p><\/p>\n","protected":false},"excerpt":{"rendered":"<p>Cr\u00e9dito: divulga\u00e7\u00e3o O&nbsp;Teatro Feluma&nbsp;recebe no s\u00e1bado, 26 de abril, o musical MAYA, que re\u00fane can\u00e7\u00f5es autorais da cantora J\u00falia Assis.&hellip;<\/p>\n","protected":false},"author":1,"featured_media":20,"comment_status":"open","ping_status":"open","sticky":false,"template":"","format":"standard","meta":{"footnotes":""},"categories":[10],"tags":[],"class_list":["post-19","post","type-post","status-publish","format-standard","has-post-thumbnail","hentry","category-o-que-fazer-em-bh"],"_links":{"self":[{"href":"https:\/\/queridabh.com.br\/index.php\/wp-json\/wp\/v2\/posts\/19","targetHints":{"allow":["GET"]}}],"collection":[{"href":"https:\/\/queridabh.com.br\/index.php\/wp-json\/wp\/v2\/posts"}],"about":[{"href":"https:\/\/queridabh.com.br\/index.php\/wp-json\/wp\/v2\/types\/post"}],"author":[{"embeddable":true,"href":"https:\/\/queridabh.com.br\/index.php\/wp-json\/wp\/v2\/users\/1"}],"replies":[{"embeddable":true,"href":"https:\/\/queridabh.com.br\/index.php\/wp-json\/wp\/v2\/comments?post=19"}],"version-history":[{"count":3,"href":"https:\/\/queridabh.com.br\/index.php\/wp-json\/wp\/v2\/posts\/19\/revisions"}],"predecessor-version":[{"id":23,"href":"https:\/\/queridabh.com.br\/index.php\/wp-json\/wp\/v2\/posts\/19\/revisions\/23"}],"wp:featuredmedia":[{"embeddable":true,"href":"https:\/\/queridabh.com.br\/index.php\/wp-json\/wp\/v2\/media\/20"}],"wp:attachment":[{"href":"https:\/\/queridabh.com.br\/index.php\/wp-json\/wp\/v2\/media?parent=19"}],"wp:term":[{"taxonomy":"category","embeddable":true,"href":"https:\/\/queridabh.com.br\/index.php\/wp-json\/wp\/v2\/categories?post=19"},{"taxonomy":"post_tag","embeddable":true,"href":"https:\/\/queridabh.com.br\/index.php\/wp-json\/wp\/v2\/tags?post=19"}],"curies":[{"name":"wp","href":"https:\/\/api.w.org\/{rel}","templated":true}]}}