{"id":1900,"date":"2026-09-02T17:34:11","date_gmt":"2026-09-02T20:34:11","guid":{"rendered":"https:\/\/queridabh.com.br\/?p=1900"},"modified":"2026-09-02T17:34:11","modified_gmt":"2026-09-02T20:34:11","slug":"espetaculo-recortes-a-mulher-e-seu-corpo-publico-inicia-circulacao-gratuita-em-pocos-de-caldas","status":"publish","type":"post","link":"https:\/\/queridabh.com.br\/index.php\/2026\/09\/02\/espetaculo-recortes-a-mulher-e-seu-corpo-publico-inicia-circulacao-gratuita-em-pocos-de-caldas\/","title":{"rendered":"Espet\u00e1culo &#8220;Recortes \u2013 A Mulher e seu Corpo P\u00fablico&#8221; inicia circula\u00e7\u00e3o gratuita em Po\u00e7os de Caldas"},"content":{"rendered":"\n<h3 class=\"wp-block-heading\"><em>Projeto de Beatriz Aquino leva teatro documental e rodas de conversa ao IF Sul de Minas para discutir viol\u00eancia contra a mulher e desigualdade de g\u00eanero<\/em><\/h3>\n\n\n\n<p class=\"wp-block-paragraph\">O espet\u00e1culo <strong>&#8220;Recortes \u2013 A Mulher e seu Corpo P\u00fablico&#8221;<\/strong>, da atriz, dramaturga e diretora <strong>Beatriz Aquino<\/strong>, inicia uma nova circula\u00e7\u00e3o em Po\u00e7os de Caldas com apresenta\u00e7\u00f5es gratuitas em institui\u00e7\u00f5es p\u00fablicas de ensino. A primeira acontece no <strong>dia 3 de setembro, \u00e0s 19h30, no IF Sul de Minas \u2013 Campus Po\u00e7os de Caldas<\/strong>, reunindo estudantes, professores e comunidade para uma experi\u00eancia que une teatro e reflex\u00e3o sobre a viol\u00eancia de g\u00eanero. Essa \u00e9 a primeira a\u00e7\u00e3o do projeto, que prev\u00ea uma segunda apresenta\u00e7\u00e3o ao final do m\u00eas.<\/p>\n\n\n\n<p class=\"wp-block-paragraph\">Ap\u00f3s a apresenta\u00e7\u00e3o, o p\u00fablico participa de uma roda de conversa conduzida pela pr\u00f3pria artista, ampliando o debate sobre feminic\u00eddio, ass\u00e9dio, viol\u00eancia psicol\u00f3gica, viol\u00eancia sexual e a forma como a sociedade naturaliza a apropria\u00e7\u00e3o do corpo feminino.<\/p>\n\n\n\n<p class=\"wp-block-paragraph\">Escrito e interpretado por Beatriz Aquino, &#8220;Recortes&#8221; \u00e9 resultado de uma pesquisa realizada junto \u00e0 Delegacia Especializada de Atendimento \u00e0 Mulher (DEAM), ao Centro de Refer\u00eancia Especializado de Assist\u00eancia Social (CREAS) e ao Centro de Aten\u00e7\u00e3o Psicossocial (CAPS) de Po\u00e7os de Caldas. A dramaturgia re\u00fane relatos, dados e experi\u00eancias que evidenciam diferentes formas de viol\u00eancia vividas por mulheres brasileiras.<\/p>\n\n\n\n<p class=\"wp-block-paragraph\">\u201cEstou muito feliz em levar esse trabalho para as institui\u00e7\u00f5es de ensino. Esse \u00e9 um tema urgente e que precisa ser discutido em v\u00e1rias esferas. Precisamos informar, sensibilizar e alertar sobre a vertiginosa crescente dos n\u00fameros de viol\u00eancia contra a mulher em nossa regi\u00e3o e pa\u00eds. As escolas e universidades precisam cumprir seu papel de educar seus alunos tamb\u00e9m sobre essas quest\u00f5es humanas e principalmente sobre as quest\u00f5es de g\u00eanero.\u201d, diz Beatriz Aquino.<\/p>\n\n\n\n<p class=\"wp-block-paragraph\">Desde sua estreia, em 2023, no Sesc Po\u00e7os de Caldas, o espet\u00e1culo j\u00e1 passou por cidades mineiras e por apresenta\u00e7\u00f5es independentes em S\u00e3o Paulo e Fortaleza. Agora, retorna \u00e0 cidade com foco nas institui\u00e7\u00f5es de ensino, entendendo esses espa\u00e7os como fundamentais para a forma\u00e7\u00e3o de uma cultura de respeito, escuta e enfrentamento \u00e0s viol\u00eancias de g\u00eanero.<\/p>\n\n\n\n<p class=\"wp-block-paragraph\">Al\u00e9m da apresenta\u00e7\u00e3o art\u00edstica, a proposta transforma o teatro em um espa\u00e7o de di\u00e1logo. A conversa realizada ap\u00f3s cada sess\u00e3o permite que o p\u00fablico compartilhe impress\u00f5es, d\u00favidas e experi\u00eancias, fortalecendo o papel da arte como ferramenta de conscientiza\u00e7\u00e3o e transforma\u00e7\u00e3o social.<\/p>\n\n\n\n<p class=\"wp-block-paragraph\">O projeto foi contemplado pelo <strong>Edital Secult n\u00ba 8\/2025 \u2013 Incentivo \u00e0 Cultura<\/strong>, promovido pela Secretaria Municipal de Cultura de Po\u00e7os de Caldas, com incentivador cultural Alcoa, capta\u00e7\u00e3o da Carvalho Ag\u00eancia Cultural e produ\u00e7\u00e3o de Danielle Vilas Boas pela Mi\u00f3 Cultural.&nbsp;<\/p>\n\n\n\n<p class=\"wp-block-paragraph\"><strong>Servi\u00e7o<br><\/strong><strong>Recortes \u2013 A Mulher e seu Corpo P\u00fablico<br><\/strong><strong>3 de setembro (quarta-feira)<\/strong><strong>19h30<br><\/strong>IF Sul de Minas \u2013 Campus Po\u00e7os de Caldas<br>Entrada gratuita<br>Classifica\u00e7\u00e3o indicativa: 16 anos<\/p>\n","protected":false},"excerpt":{"rendered":"<p>Projeto de Beatriz Aquino leva teatro documental e rodas de conversa ao IF Sul de Minas para discutir viol\u00eancia contra&hellip;<\/p>\n","protected":false},"author":2,"featured_media":1901,"comment_status":"open","ping_status":"open","sticky":false,"template":"","format":"standard","meta":{"footnotes":""},"categories":[12,15],"tags":[],"class_list":["post-1900","post","type-post","status-publish","format-standard","has-post-thumbnail","hentry","category-principal","category-variedades"],"_links":{"self":[{"href":"https:\/\/queridabh.com.br\/index.php\/wp-json\/wp\/v2\/posts\/1900","targetHints":{"allow":["GET"]}}],"collection":[{"href":"https:\/\/queridabh.com.br\/index.php\/wp-json\/wp\/v2\/posts"}],"about":[{"href":"https:\/\/queridabh.com.br\/index.php\/wp-json\/wp\/v2\/types\/post"}],"author":[{"embeddable":true,"href":"https:\/\/queridabh.com.br\/index.php\/wp-json\/wp\/v2\/users\/2"}],"replies":[{"embeddable":true,"href":"https:\/\/queridabh.com.br\/index.php\/wp-json\/wp\/v2\/comments?post=1900"}],"version-history":[{"count":1,"href":"https:\/\/queridabh.com.br\/index.php\/wp-json\/wp\/v2\/posts\/1900\/revisions"}],"predecessor-version":[{"id":1902,"href":"https:\/\/queridabh.com.br\/index.php\/wp-json\/wp\/v2\/posts\/1900\/revisions\/1902"}],"wp:featuredmedia":[{"embeddable":true,"href":"https:\/\/queridabh.com.br\/index.php\/wp-json\/wp\/v2\/media\/1901"}],"wp:attachment":[{"href":"https:\/\/queridabh.com.br\/index.php\/wp-json\/wp\/v2\/media?parent=1900"}],"wp:term":[{"taxonomy":"category","embeddable":true,"href":"https:\/\/queridabh.com.br\/index.php\/wp-json\/wp\/v2\/categories?post=1900"},{"taxonomy":"post_tag","embeddable":true,"href":"https:\/\/queridabh.com.br\/index.php\/wp-json\/wp\/v2\/tags?post=1900"}],"curies":[{"name":"wp","href":"https:\/\/api.w.org\/{rel}","templated":true}]}}