{"id":234,"date":"2025-05-24T14:10:13","date_gmt":"2025-05-24T17:10:13","guid":{"rendered":"https:\/\/queridabh.com.br\/?p=234"},"modified":"2025-05-21T14:16:15","modified_gmt":"2025-05-21T17:16:15","slug":"maio-na-pampulha-tem-atracoes-que-refletem-sobre-acessibilidade-inclusao-e-bem-estar","status":"publish","type":"post","link":"https:\/\/queridabh.com.br\/index.php\/2025\/05\/24\/maio-na-pampulha-tem-atracoes-que-refletem-sobre-acessibilidade-inclusao-e-bem-estar\/","title":{"rendered":"Maio na Pampulha tem atra\u00e7\u00f5es que refletem sobre acessibilidade, inclus\u00e3o e bem-estar"},"content":{"rendered":"\n<p class=\"has-small-font-size\"><em>Cr\u00e9dito: Ver\u00f4nica Manevevv<\/em><\/p>\n\n\n\n<p>Os museus da Pampulha prepararam uma programa\u00e7\u00e3o especial para o m\u00eas de maio, com uma s\u00e9rie de a\u00e7\u00f5es art\u00edsticas, culturais e educativas que destacam dispositivos de acessibilidade e inclus\u00e3o, e atividades que convidam os visitantes para viv\u00eancias de bem-estar na orla da Lagoa, realizadas pela Casa do Baile &#8211; Centro de Refer\u00eancia de Arquitetura, Urbanismo e Design, Museu de Arte da Pampulha (MAP) e Museu Casa Kubitschek (MCK).<\/p>\n\n\n\n<p>Todas as atividades s\u00e3o gratuitas e integram o projeto Museus Pampulha, realizado pela Prefeitura de Belo Horizonte, por meio da Secretaria Municipal de Cultura e da Funda\u00e7\u00e3o Municipal de Cultura, em parceria com o Instituto Lumiar, na busca pelo fortalecimento das a\u00e7\u00f5es realizadas pelos equipamentos museais da Pampulha, por meio de exposi\u00e7\u00f5es, atividades formativas e apresenta\u00e7\u00f5es culturais. A programa\u00e7\u00e3o completa pode ser acessada no Portal Belo Horizonte.<\/p>\n\n\n\n<p>No dia 24 de maio, o MAP prop\u00f5e a oficina &#8220;Palavra livre: Palavra como elemento art\u00edstico&#8221;, inspirada nas obras dos artistas Maril\u00e1 Dardot e M\u00e1rcio Sampaio. Os participantes ser\u00e3o convidados a compor anagramas e pal\u00edndromos e, al\u00e9m disso, ser\u00e3o provocados a criarem dobraduras reinventando palavras. A atividade acontece das 10h \u00e0s 12h, no Centro Cultural Pampulha.<\/p>\n\n\n\n<p>O MCK convida o p\u00fablico para visita mediada e lan\u00e7amento de uma Maquete T\u00e1til para ser utilizada em a\u00e7\u00f5es e ativa\u00e7\u00f5es de acessibilidade do Educativo do Museu com participa\u00e7\u00e3o do artista pl\u00e1stico e arquiteto Daniel Hertel. A atividade acontece no dia 27 de maio, das 8h \u00e0s 11h30, e \u00e9 voltada para p\u00fablico escolar com crian\u00e7as com defici\u00eancia visual do Instituto S\u00e3o Rafael e demais pessoas interessadas.<\/p>\n\n\n\n<p>Com um olhar sens\u00edvel para o territ\u00f3rio da Pampulha, um cen\u00e1rio que j\u00e1 pulsa com a energia di\u00e1ria de corredores, ciclistas e entusiastas de atividades ao ar livre, o projeto Museus Pampulha d\u00e1 sequ\u00eancia \u00e0s atividades que convidam o p\u00fablico a ocupar e interagir com os espa\u00e7os museol\u00f3gicos de uma maneira que visa o bem-estar. Reconhecendo o potencial dessa din\u00e2mica, a proposta \u00e9 ampliar a conex\u00e3o entre os museus e as pessoas que vivenciam o entorno, transformando os espa\u00e7os museais em pontos de encontro entre corpo, mente e arte, tornando-os verdadeiros ref\u00fagios urbanos.<\/p>\n\n\n\n<p>O Museu Casa Kubitschek promove, no dia 31 de maio, s\u00e1bado, das 10h30 \u00e0s 16h \u00e0 atividade &#8220;Brincadeiras no jardim&#8221;, edi\u00e7\u00e3o especial em celebra\u00e7\u00e3o do Dia Nacional dos Jardins (25\/05) e o Dia Mundial do Brincar (28\/05). Neste dia, o Educativo do museu preparou diversas din\u00e2micas l\u00fadicas para serem desenvolvidas com o p\u00fablico de todas as idades.<\/p>\n\n\n\n<p>Tendo a bela paisagem da Pampulha como cen\u00e1rio, a Casa do Baile convida os visitantes para a pr\u00e1tica de boxe recreativo no dia 31 de maio, \u00e0s 9h. Trata-se de uma modalidade de boxe voltada para o lazer, condicionamento f\u00edsico e bem-estar, sem o foco competitivo. As aulas, ministradas pelo professor Washington Luiz Alc\u00e2ntara, incluem exerc\u00edcios de coordena\u00e7\u00e3o, golpes no ar, treino em sacos de pancada e circuitos f\u00edsicos que envolvem resist\u00eancia, agilidade e flexibilidade. A atividade \u00e9 aberta ao p\u00fablico em geral acima de 10 anos.<\/p>\n\n\n\n<p>Servi\u00e7o &#8211; Museus Pampulha &#8211; Atividades de maio<\/p>\n\n\n\n<p>24\/05 &#8211; 10h \u00e0s 12h<\/p>\n\n\n\n<p>Oficina Palavra livre: Palavra como elemento art\u00edstico<\/p>\n\n\n\n<p>Atividade Gratuita \/ Classifica\u00e7\u00e3o: Livre<\/p>\n\n\n\n<p>Local: Centro Cultural Pampulha (R. Expedicion\u00e1rio Paulo de Souza, 185, Itatiaia)<\/p>\n\n\n\n<p>27\/05 &#8211; 8h \u00e0s 10h30<\/p>\n\n\n\n<p>Lan\u00e7amento da Maquete T\u00e1til do Museu Casa Kubitschek<\/p>\n\n\n\n<p>Atividade Gratuita \/ Classifica\u00e7\u00e3o: Livre<\/p>\n\n\n\n<p>Local: Museu Casa Kubitschek<\/p>\n\n\n\n<p>31\/05 &#8211; 10h30 \u00e0s 16h<\/p>\n\n\n\n<p>Brincadeiras nos jardins<\/p>\n\n\n\n<p>Atividade Gratuita \/ Classifica\u00e7\u00e3o: Livre<\/p>\n\n\n\n<p>Local: Museu Casa Kubitschek<\/p>\n\n\n\n<p>31\/05 &#8211; 9h<\/p>\n\n\n\n<p>Bem-estar nos Museus da Pampulha &#8211; Boxe recreativo<\/p>\n\n\n\n<p>Atividade Gratuita \/ Classifica\u00e7\u00e3o: acima de 10 anos<\/p>\n\n\n\n<p>Local: Casa do Baile &#8211; Centro de Refer\u00eancia de Arquitetura, Urbanismo e Design<\/p>\n\n\n\n<p>Endere\u00e7os:<\/p>\n\n\n\n<p>Museu Casa Kubitschek &#8211; Av. Otac\u00edlio Negr\u00e3o de Lima, 4.188 &#8211; Pampulha<\/p>\n\n\n\n<p>Museu de Arte da Pampulha &#8211; Av. Otac\u00edlio Negr\u00e3o de Lima, 16.585 &#8211; Pampulha<\/p>\n\n\n\n<p>Casa do Baile &#8211; Centro de Refer\u00eancia de Arquitetura, Urbanismo e Design &#8211; Av. Otac\u00edlio Negr\u00e3o de Lima, 751 &#8211; Pampulha<\/p>\n","protected":false},"excerpt":{"rendered":"<p>Cr\u00e9dito: Ver\u00f4nica Manevevv Os museus da Pampulha prepararam uma programa\u00e7\u00e3o especial para o m\u00eas de maio, com uma s\u00e9rie de&hellip;<\/p>\n","protected":false},"author":1,"featured_media":235,"comment_status":"open","ping_status":"open","sticky":false,"template":"","format":"standard","meta":{"footnotes":""},"categories":[10],"tags":[],"class_list":["post-234","post","type-post","status-publish","format-standard","has-post-thumbnail","hentry","category-o-que-fazer-em-bh"],"_links":{"self":[{"href":"https:\/\/queridabh.com.br\/index.php\/wp-json\/wp\/v2\/posts\/234","targetHints":{"allow":["GET"]}}],"collection":[{"href":"https:\/\/queridabh.com.br\/index.php\/wp-json\/wp\/v2\/posts"}],"about":[{"href":"https:\/\/queridabh.com.br\/index.php\/wp-json\/wp\/v2\/types\/post"}],"author":[{"embeddable":true,"href":"https:\/\/queridabh.com.br\/index.php\/wp-json\/wp\/v2\/users\/1"}],"replies":[{"embeddable":true,"href":"https:\/\/queridabh.com.br\/index.php\/wp-json\/wp\/v2\/comments?post=234"}],"version-history":[{"count":1,"href":"https:\/\/queridabh.com.br\/index.php\/wp-json\/wp\/v2\/posts\/234\/revisions"}],"predecessor-version":[{"id":236,"href":"https:\/\/queridabh.com.br\/index.php\/wp-json\/wp\/v2\/posts\/234\/revisions\/236"}],"wp:featuredmedia":[{"embeddable":true,"href":"https:\/\/queridabh.com.br\/index.php\/wp-json\/wp\/v2\/media\/235"}],"wp:attachment":[{"href":"https:\/\/queridabh.com.br\/index.php\/wp-json\/wp\/v2\/media?parent=234"}],"wp:term":[{"taxonomy":"category","embeddable":true,"href":"https:\/\/queridabh.com.br\/index.php\/wp-json\/wp\/v2\/categories?post=234"},{"taxonomy":"post_tag","embeddable":true,"href":"https:\/\/queridabh.com.br\/index.php\/wp-json\/wp\/v2\/tags?post=234"}],"curies":[{"name":"wp","href":"https:\/\/api.w.org\/{rel}","templated":true}]}}