{"id":237,"date":"2025-05-26T14:16:26","date_gmt":"2025-05-26T17:16:26","guid":{"rendered":"https:\/\/queridabh.com.br\/?p=237"},"modified":"2025-05-21T14:22:38","modified_gmt":"2025-05-21T17:22:38","slug":"para-49-dos-brasileiros-lixo-eletronico-e-o-que-mais-gera-duvidas-quanto-ao-descarte-mostra-pesquisa","status":"publish","type":"post","link":"https:\/\/queridabh.com.br\/index.php\/2025\/05\/26\/para-49-dos-brasileiros-lixo-eletronico-e-o-que-mais-gera-duvidas-quanto-ao-descarte-mostra-pesquisa\/","title":{"rendered":"Para 49% dos brasileiros, lixo eletr\u00f4nico \u00e9 o que mais gera d\u00favidas quanto ao descarte, mostra pesquisa"},"content":{"rendered":"\n<p class=\"has-small-font-size\"><em>Cr\u00e9dito: iStock<\/em><\/p>\n\n\n\n<p>(cr\u00e9dito: iStock)<\/p>\n\n\n\n<p>Ainda que os eletr\u00f4nicos sejam uma constante no dia a dia de grande parte da popula\u00e7\u00e3o, existem muitas d\u00favidas quando o assunto \u00e9 o descarte e a reciclagem desses aparelhos. Atualmente, o lixo eletr\u00f4nico \u00e9 o que gera mais d\u00favida entre os brasileiros, com 49% indicando ter incertezas no momento de realizar a destina\u00e7\u00e3o adequada de itens como celulares, computadores e baterias. Os dados s\u00e3o do novo levantamento da Descarbonize Solu\u00e7\u00f5es, energytech especializada em solu\u00e7\u00f5es de energia limpa.<\/p>\n\n\n\n<p>O cen\u00e1rio passa a fazer ainda mais sentido quando 43% dos entrevistados do estudo afirmaram que mant\u00eam os celulares antigos em casa, principalmente por n\u00e3o saberem onde descartar os equipamentos ou porque os pontos de coleta s\u00e3o muito distantes.<\/p>\n\n\n\n<p>Embora manter dispositivos em desuso possa parecer uma precau\u00e7\u00e3o inofensiva \u2014 com celulares muitas vezes sendo utilizados como substitutos em poss\u00edveis situa\u00e7\u00f5es de roubo ou em caso de o atual estragar \u2014, a pr\u00e1tica tamb\u00e9m impacta o meio ambiente negativamente. Isso porque, direcionar os itens para reciclagem garante o reaproveitamento dos materiais.<\/p>\n\n\n\n<p>Ant\u00f4nio Lombardi Neto, Diretor de Tecnologia da Descarbonize Solu\u00e7\u00f5es, reflete sobre o desconhecimento em rela\u00e7\u00e3o&nbsp;ao reaproveitamento de tecnol\u00f3gicos e explica a import\u00e2ncia do direcionamento correto. &#8220;Nem todos sabem, mas existe uma diferen\u00e7a essencial entre o descarte e a reciclagem. O descarte nem sempre \u00e9 feito de forma correta, enquanto a reciclagem garante que as mat\u00e9rias-primas ser\u00e3o reaproveitadas&#8221;, comenta.<\/p>\n\n\n\n<p>&#8220;Esse ponto \u00e9 especialmente importante quando falamos de eletr\u00f4nicos, pois, al\u00e9m dos metais pesados terem um impacto gigantesco na natureza, o n\u00e3o aproveitamento desses insumos faz com que seja necess\u00e1ria uma nova extra\u00e7\u00e3o&nbsp;de recursos naturais para a fabrica\u00e7\u00e3o de novos equipamentos. Por isso \u00e9 t\u00e3o importante direcionar antigos aparelhos para o reaproveitamento&#8221;, explica.<\/p>\n\n\n\n<p><strong>O apelo das tend\u00eancias&nbsp;<\/strong><\/p>\n\n\n\n<p>Produtos eletr\u00f4nicos s\u00e3o todos aqueles que precisam ser ligados \u00e0 tomada ou que utilizam uma pilha ou bateria para funcionar.&nbsp;Segundo dados da Organiza\u00e7\u00e3o das Na\u00e7\u00f5es Unidas (ONU), atualmente o Brasil \u00e9 o quinto pa\u00eds que mais gera lixo eletr\u00f4nico no mundo, produzindo por ano mais de 2,4 milh\u00f5es de toneladas desses res\u00edduos. Entre as Am\u00e9ricas, o pa\u00eds ocupa a segunda posi\u00e7\u00e3o, ficando atr\u00e1s apenas dos Estados Unidos.&nbsp;<\/p>\n\n\n\n<p>A crescente produ\u00e7\u00e3o dos chamados e-lixos \u00e9 impulsionada pela falta de informa\u00e7\u00e3o e de estrutura adequada para a gest\u00e3o destes res\u00edduos e pelo<strong>&nbsp;<\/strong>consumo desenfreado de produtos tecnol\u00f3gicos que acompanham a estrat\u00e9gia da obsolesc\u00eancia programada \u2014 que visa reduzir a vida \u00fatil dos produtos, incentivando a compra de novos modelos mais atuais.<\/p>\n\n\n\n<p>Essa l\u00f3gica \u00e9 fortalecida por estrat\u00e9gias de mercado que estimulam o desejo constante por modelos mais novos \u2013 especialmente no caso dos celulares. Com poucas mudan\u00e7as significativas entre os lan\u00e7amentos anuais, seguir as tend\u00eancias acaba sendo o principal fator que motiva as compras.<\/p>\n\n\n\n<p>O fato est\u00e1 alinhado com o comportamento dos respondentes da pesquisa, sendo que&nbsp;<strong>30% dos entrevistados \u2014 maioria do estudo \u2014 afirmaram que gostam de estar por dentro do lan\u00e7amento de produtos eletr\u00f4nicos e que trocam os aparelhos com frequ\u00eancia<\/strong>. Outros 25% tamb\u00e9m disseram acompanhar as novidades, mas apenas com celulares.<\/p>\n\n\n\n<p><strong>O dado ganha ainda mais relev\u00e2ncia diante do fato de que 89% dos consumidores n\u00e3o consideram a gera\u00e7\u00e3o de lixo eletr\u00f4nico no momento da troca do aparelho, sendo o fator menos relevante na decis\u00e3o<\/strong>. Durabilidade e qualidade (75%), os pre\u00e7os e promo\u00e7\u00f5es (55%) e a marca (53%) foram indicados como as condi\u00e7\u00f5es mais importantes.<\/p>\n\n\n\n<p>O avan\u00e7o da tecnologia tem ocorrido em paralelo a uma corrida pelo consumo, muitas vezes sem responsabilidade. O fato de a gera\u00e7\u00e3o de lixo eletr\u00f4nico ser praticamente desconsiderada alerta para a urg\u00eancia da situa\u00e7\u00e3o, que \u00e9 global. Atualmente, segundo o relat\u00f3rio &#8216;Monitor Global E-lixo&#8217;, a produ\u00e7\u00e3o mundial de res\u00edduos eletr\u00f4nicos est\u00e1 crescendo cinco vezes mais r\u00e1pido que a reciclagem destes materiais. Os n\u00fameros s\u00e3o preocupantes e demonstram a import\u00e2ncia da discuss\u00e3o sobre o tema, com maiores iniciativas por parte de marcas, poderes p\u00fablicos e consumidores.<\/p>\n\n\n\n<p><strong>Maiores dificuldades<\/strong><\/p>\n\n\n\n<p>Quando o tema entra na responsabilidade das partes em se comprometer com a reciclagem dos eletr\u00f4nicos, fica evidente que faltam algumas iniciativas que estimulem e facilitem o reaproveitamento dos aparelhos \u2014 especialmente projetos que partam de a\u00e7\u00f5es p\u00fablicas e privadas. Hoje, apenas 3% do e-lixo \u00e9 reciclado no Brasil, e parte desse problema se d\u00e1 pela desinforma\u00e7\u00e3o e pela falta de pontos de coleta qualificados.<\/p>\n\n\n\n<p>Quando perguntados sobre as principais dificuldades ao descartar lixo eletr\u00f4nico,&nbsp;<strong>73% dos participantes da pesquisa indicaram a falta de pontos de coleta especializados como o maior obst\u00e1culo<\/strong>. Na sequ\u00eancia, aparecem a falta de informa\u00e7\u00f5es sobre o descarte e recolhimento (49%) e a dificuldade de transportar o item at\u00e9 os pontos de coleta (23%).<\/p>\n\n\n\n<p>Entre os tipos de eletr\u00f4nicos, as pilhas e baterias lideram o ranking de itens que mais geram d\u00favidas na hora do encaminhamento adequado (54%), seguidas por eletrodom\u00e9sticos como TVs, computadores e notebooks (44%) e por celulares (43%).<\/p>\n\n\n\n<p>Diante desse cen\u00e1rio, mesmo que a infraestrutura ainda seja insuficiente, os consumidores podem buscar alternativas dispon\u00edveis em suas cidades. Segundo a legisla\u00e7\u00e3o brasileira, dentro do sistema de log\u00edstica reversa, fabricantes de eletr\u00f4nicos s\u00e3o obrigados a recolher esse tipo de res\u00edduo. Em complemento, um projeto de lei lan\u00e7ado em fevereiro deste ano prop\u00f5e ampliar os pontos de coleta, exigindo que varejistas disponibilizem locais acess\u00edveis em lojas f\u00edsicas, centros de distribui\u00e7\u00e3o e outros espa\u00e7os.<\/p>\n\n\n\n<p>&#8220;Nesse contexto, ampliar o conhecimento da popula\u00e7\u00e3o sobre o ciclo de vida dos eletr\u00f4nicos e seus impactos torna-se essencial. A responsabilidade pela mudan\u00e7a \u00e9 compartilhada \u2014 passa por governos, fabricantes e tamb\u00e9m por escolhas cotidianas da popula\u00e7\u00e3o&#8221;, afirma Neto.<\/p>\n\n\n\n<p>&#8220;Vale tamb\u00e9m buscar associa\u00e7\u00f5es, cooperativas ou recicladores locais que recebam esse tipo de material e o encaminhem para o destino correto. Em um cen\u00e1rio em que a produ\u00e7\u00e3o de lixo eletr\u00f4nico s\u00f3 cresce, o engajamento de consumidores, empresas e governos \u00e9 fundamental para transformar o descarte correto em pr\u00e1tica cotidiana \u2014 e n\u00e3o em exce\u00e7\u00e3o. Reciclar eletr\u00f4nicos \u00e9 mais do que uma atitude ambiental: \u00e9 um compromisso com o futuro&#8221;, finaliza<\/p>\n","protected":false},"excerpt":{"rendered":"<p>Cr\u00e9dito: iStock (cr\u00e9dito: iStock) Ainda que os eletr\u00f4nicos sejam uma constante no dia a dia de grande parte da popula\u00e7\u00e3o,&hellip;<\/p>\n","protected":false},"author":1,"featured_media":238,"comment_status":"open","ping_status":"open","sticky":false,"template":"","format":"standard","meta":{"footnotes":""},"categories":[2],"tags":[],"class_list":["post-237","post","type-post","status-publish","format-standard","has-post-thumbnail","hentry","category-noticias"],"_links":{"self":[{"href":"https:\/\/queridabh.com.br\/index.php\/wp-json\/wp\/v2\/posts\/237","targetHints":{"allow":["GET"]}}],"collection":[{"href":"https:\/\/queridabh.com.br\/index.php\/wp-json\/wp\/v2\/posts"}],"about":[{"href":"https:\/\/queridabh.com.br\/index.php\/wp-json\/wp\/v2\/types\/post"}],"author":[{"embeddable":true,"href":"https:\/\/queridabh.com.br\/index.php\/wp-json\/wp\/v2\/users\/1"}],"replies":[{"embeddable":true,"href":"https:\/\/queridabh.com.br\/index.php\/wp-json\/wp\/v2\/comments?post=237"}],"version-history":[{"count":1,"href":"https:\/\/queridabh.com.br\/index.php\/wp-json\/wp\/v2\/posts\/237\/revisions"}],"predecessor-version":[{"id":239,"href":"https:\/\/queridabh.com.br\/index.php\/wp-json\/wp\/v2\/posts\/237\/revisions\/239"}],"wp:featuredmedia":[{"embeddable":true,"href":"https:\/\/queridabh.com.br\/index.php\/wp-json\/wp\/v2\/media\/238"}],"wp:attachment":[{"href":"https:\/\/queridabh.com.br\/index.php\/wp-json\/wp\/v2\/media?parent=237"}],"wp:term":[{"taxonomy":"category","embeddable":true,"href":"https:\/\/queridabh.com.br\/index.php\/wp-json\/wp\/v2\/categories?post=237"},{"taxonomy":"post_tag","embeddable":true,"href":"https:\/\/queridabh.com.br\/index.php\/wp-json\/wp\/v2\/tags?post=237"}],"curies":[{"name":"wp","href":"https:\/\/api.w.org\/{rel}","templated":true}]}}