{"id":24,"date":"2025-04-17T10:06:00","date_gmt":"2025-04-17T13:06:00","guid":{"rendered":"https:\/\/queridabh.com.br\/?p=24"},"modified":"2025-04-17T10:06:00","modified_gmt":"2025-04-17T13:06:00","slug":"musical-bituca-milton-nascimento-para-criancas-abre15-a-temporada-do-diversao-em-cena-em-belo-horizonte","status":"publish","type":"post","link":"https:\/\/queridabh.com.br\/index.php\/2025\/04\/17\/musical-bituca-milton-nascimento-para-criancas-abre15-a-temporada-do-diversao-em-cena-em-belo-horizonte\/","title":{"rendered":"Musical &#8220;Bituca, Milton Nascimento para Crian\u00e7as&#8221; abre15 \u00aa temporada do Divers\u00e3o em Cena, em Belo Horizonte"},"content":{"rendered":"\n<p class=\"has-small-font-size\"><em>Cr\u00e9dito: Junior Mandriola<\/em><\/p>\n\n\n\n<p><em>Sucesso de p\u00fablico e cr\u00edtica, espet\u00e1culo re\u00fane principais cl\u00e1ssicos<\/em><\/p>\n\n\n\n<p><em>da carreira do cantor e compositor do Clube da Esquina<\/em><\/p>\n\n\n\n<p>O premiado musical&nbsp;<strong>&#8220;<\/strong><strong>Bituca, Milton Nascimento para Crian\u00e7as&#8221;<\/strong>&nbsp;marca o in\u00edcio da nova temporada do Divers\u00e3o em Cena em Belo Horizonte, em apresenta\u00e7\u00e3o \u00fanica \u00e0s 17h de&nbsp;<strong>4 de maio&nbsp;<\/strong>(domingo)&nbsp;no&nbsp;Grande Teatro Cemig Pal\u00e1cio das Artes. Com classifica\u00e7\u00e3o livre e ingressos entre R$ 10 e R$ 20,o espet\u00e1culo infantil \u00e9 inspirado na vida e na obra do cantor e compositor&nbsp;<strong>Milton Nascimento<\/strong>, expondo a ternura e os desafios inerentes ao processo de ado\u00e7\u00e3o e as dificuldades de inser\u00e7\u00e3o de uma crian\u00e7a negra em um ambiente majoritariamente branco.<\/p>\n\n\n\n<p>&#8220;Bituca, Milton Nascimento para Crian\u00e7as&#8221; j\u00e1 foi agraciado como Melhor Espet\u00e1culo Infantojuvenil, Melhor Dire\u00e7\u00e3o, Melhor Roteiro e Melhor Atriz Coadjuvante, no Pr\u00eamio Botequim Cultural 2017; e Melhor Ator em Papel Protagonista no Centro Brasileiro Teatro para a Inf\u00e2ncia e Juventude, tamb\u00e9m em 2017. Em cena, os atores Udyl\u00ea Proc\u00f3pio (Milton), Martina Blink (m\u00e3e), Aline Carrocino (Maricota), Anna Paula Black (M\u00e3e Maria), Marina Mota (professora) e Pedro Henrique Lopes (Salom\u00e3o) contam a hist\u00f3ria do pequeno Milton que, ao ficar \u00f3rf\u00e3o aos 2 anos, \u00e9 adotado pelos patr\u00f5es de sua av\u00f3. Chegando a Minas Gerais, o menino precisa lidar com o preconceito da sociedade por seu negro e ter pais brancos.<\/p>\n\n\n\n<p>&#8220;O musical \u00e9 um tributo a Milton Nascimento. N\u00f3s nos inspiramos em passagens da vida dele, mas tamb\u00e9m criamos momentos ficcionais para debater temas como ado\u00e7\u00e3o, bullying e preconceito racial de maneira l\u00fadica&#8221;, explica o diretor Diego Morais, que acrescenta: &#8220;Tamb\u00e9m fazemos uma grande homenagem \u00e0 maternidade e \u00e0 amplia\u00e7\u00e3o dos modelos de fam\u00edlia.&#8221;<\/p>\n\n\n\n<p>O dramaturgo e ator Pedro Henrique Lopes responde pelo texto do musical. J\u00e1 a dire\u00e7\u00e3o musical \u00e9 assinada por Guilherme Borges, trazendo ao palco grandes sucessos de Milton Nascimento como &#8220;Cora\u00e7\u00e3o de estudante&#8221;, &#8220;Travessia&#8221;, &#8220;Can\u00e7\u00e3o da Am\u00e9rica&#8221;, &#8220;Can\u00e7\u00e3o do sal&#8221;, &#8220;Um \u00edndio&#8221;, &#8220;Quem sabe isso quer dizer amor&#8221; e &#8220;Maria, Maria&#8221;. As m\u00fasicas transportam o espectador para o universo todo especial de Bituca, que passa pelas belezas de Minas, rezadeiras, relic\u00e1rios e movimento barroco.<\/p>\n\n\n\n<p>A apresenta\u00e7\u00e3o abre a temporada 2025 do programa Divers\u00e3o em Cena, promovido pela Funda\u00e7\u00e3o ArcelorMittal h\u00e1 15 anos. A iniciativa busca democratizar o acesso \u00e0 cultura, com a oferta de espet\u00e1culos gratuitos ou a pre\u00e7o populares em cidades de Minas Gerais, S\u00e3o Paulo, Rio de Janeiro, Bahia e Mato Grosso do Sul. Toda a programa\u00e7\u00e3o \u00e9 viabilizada por meio de recursos das Leis de Incentivo e em parceria com produtores culturais. Ao todo, mais de 1 milh\u00e3o de pessoas j\u00e1 assistiram \u00e0s apresenta\u00e7\u00f5es.<\/p>\n\n\n\n<p>&#8220;Acreditamos que apoiar iniciativas que promovam o interc\u00e2mbio cultural e ampliem o acesso da popula\u00e7\u00e3o \u00e0s diversas manifesta\u00e7\u00f5es art\u00edsticas \u00e9 fundamental para valorizar nossa cultura e fortalecer nossa identidade. No Brasil, um pa\u00eds com uma riqueza cultural incompar\u00e1vel, esses investimentos s\u00e3o essenciais para preservar e celebrar nossa diversidade&#8221;, afirma Camila Valverde, Diretora-Executiva da Funda\u00e7\u00e3o ArcelorMittal.<\/p>\n\n\n\n<p>Com curadoria assinada pela Lima Produ\u00e7\u00f5es, tamb\u00e9m fazem parte da equipe criativa&nbsp;Cl\u00edvia Cohen (cen\u00e1rios e figurinos), Carlos Lafert (ilumina\u00e7\u00e3o) e Vitor Martinez (visagismo).&nbsp;O patroc\u00ednio do projeto \u00e9 realizado pela empresa ArcelorMittal, por meio da Funda\u00e7\u00e3o ArcelorMittal, com recursos fiscais da Lei Estadual de Incentivo \u00e0 Cultura de Minas Gerais.&nbsp; A apresenta\u00e7\u00e3o do musical ter\u00e1 tradu\u00e7\u00e3o em libras.<\/p>\n\n\n\n<p>As vendas dos ingressos estar\u00e3o dispon\u00edveis a partir de 18 de abril, pelo site&nbsp;Eventim e na bilheteria do Pal\u00e1cio das Artes.<\/p>\n\n\n\n<p><\/p>\n\n\n\n<p><br><\/p>\n\n\n\n<p><\/p>\n","protected":false},"excerpt":{"rendered":"<p>Cr\u00e9dito: Junior Mandriola Sucesso de p\u00fablico e cr\u00edtica, espet\u00e1culo re\u00fane principais cl\u00e1ssicos da carreira do cantor e compositor do Clube&hellip;<\/p>\n","protected":false},"author":1,"featured_media":25,"comment_status":"open","ping_status":"open","sticky":false,"template":"","format":"standard","meta":{"footnotes":""},"categories":[13],"tags":[],"class_list":["post-24","post","type-post","status-publish","format-standard","has-post-thumbnail","hentry","category-eventos"],"_links":{"self":[{"href":"https:\/\/queridabh.com.br\/index.php\/wp-json\/wp\/v2\/posts\/24","targetHints":{"allow":["GET"]}}],"collection":[{"href":"https:\/\/queridabh.com.br\/index.php\/wp-json\/wp\/v2\/posts"}],"about":[{"href":"https:\/\/queridabh.com.br\/index.php\/wp-json\/wp\/v2\/types\/post"}],"author":[{"embeddable":true,"href":"https:\/\/queridabh.com.br\/index.php\/wp-json\/wp\/v2\/users\/1"}],"replies":[{"embeddable":true,"href":"https:\/\/queridabh.com.br\/index.php\/wp-json\/wp\/v2\/comments?post=24"}],"version-history":[{"count":1,"href":"https:\/\/queridabh.com.br\/index.php\/wp-json\/wp\/v2\/posts\/24\/revisions"}],"predecessor-version":[{"id":26,"href":"https:\/\/queridabh.com.br\/index.php\/wp-json\/wp\/v2\/posts\/24\/revisions\/26"}],"wp:featuredmedia":[{"embeddable":true,"href":"https:\/\/queridabh.com.br\/index.php\/wp-json\/wp\/v2\/media\/25"}],"wp:attachment":[{"href":"https:\/\/queridabh.com.br\/index.php\/wp-json\/wp\/v2\/media?parent=24"}],"wp:term":[{"taxonomy":"category","embeddable":true,"href":"https:\/\/queridabh.com.br\/index.php\/wp-json\/wp\/v2\/categories?post=24"},{"taxonomy":"post_tag","embeddable":true,"href":"https:\/\/queridabh.com.br\/index.php\/wp-json\/wp\/v2\/tags?post=24"}],"curies":[{"name":"wp","href":"https:\/\/api.w.org\/{rel}","templated":true}]}}