{"id":240,"date":"2025-05-23T14:23:23","date_gmt":"2025-05-23T17:23:23","guid":{"rendered":"https:\/\/queridabh.com.br\/?p=240"},"modified":"2025-05-21T14:25:41","modified_gmt":"2025-05-21T17:25:41","slug":"maio-amarelo-2025-reacende-discussao-sobre-acidentes-de-transitos-e-seus-impactos","status":"publish","type":"post","link":"https:\/\/queridabh.com.br\/index.php\/2025\/05\/23\/maio-amarelo-2025-reacende-discussao-sobre-acidentes-de-transitos-e-seus-impactos\/","title":{"rendered":"Maio Amarelo 2025 reacende discuss\u00e3o sobre acidentes de tr\u00e2nsitos e seus impactos"},"content":{"rendered":"\n<p class=\"has-small-font-size\"><em>Cr\u00e9dito: Getty Images<\/em><\/p>\n\n\n\n<p>Neste m\u00eas, o Brasil mais uma vez se mobiliza em torno do Maio Amarelo, campanha internacional que busca sensibilizar a sociedade para a necessidade de reduzir os acidentes de tr\u00e2nsito. Com o tema \u201cDesacelere. Seu bem maior \u00e9 a vida\u201d, a edi\u00e7\u00e3o deste ano refor\u00e7a a urg\u00eancia de atitudes respons\u00e1veis por parte de motoristas, pedestres e motociclistas, com foco na preserva\u00e7\u00e3o da vida.<\/p>\n\n\n\n<p>Conforme dados alarmantes do DataSUS, em m\u00e9dia, uma pessoa morre a cada 15 minutos em acidentes de tr\u00e2nsito. J\u00e1 nas rodovias federais, de acordo com a Pol\u00edcia Rodovi\u00e1ria Federal, o ano de 2024 registrou 73.121 acidentes, com 84.489 feridos e 6.160 mortes \u2013 um aumento de 10% nas mortes em rela\u00e7\u00e3o ao ano anterior.<\/p>\n\n\n\n<p>\u201cO tr\u00e2nsito em todo o pa\u00eds exige um novo olhar. Mais do que campanhas sazonais, precisamos de mudan\u00e7as culturais permanentes. A imprud\u00eancia tem custado caro em vidas, sa\u00fade e economia. Desacelerar n\u00e3o \u00e9 apenas sobre reduzir a velocidade do carro, \u00e9 sobre valorizar a vida\u201d, afirma Caroline Alves, head de Planejamento da&nbsp;<a href=\"https:\/\/www.dsbeline.com.br\/\" target=\"_blank\" rel=\"noreferrer noopener\">DS Beline<\/a>, empresa especializada em auxiliar v\u00edtimas de acidentes na obten\u00e7\u00e3o de benef\u00edcios.<\/p>\n\n\n\n<p>Segundo o Observat\u00f3rio Nacional de Seguran\u00e7a Vi\u00e1ria (ONSV), mais de 400 mil pessoas por ano ficam com algum tipo de invalidez causada por acidentes de tr\u00e2nsito no Brasil. Esse n\u00famero revela uma dimens\u00e3o muitas vezes invis\u00edvel da trag\u00e9dia: a de quem sobrevive, mas precisa reaprender a viver com limita\u00e7\u00f5es f\u00edsicas e emocionais.<\/p>\n\n\n\n<p>Caroline acrescenta que a experi\u00eancia com v\u00edtimas mostra que os efeitos de um acidente n\u00e3o se encerram no momento do impacto. H\u00e1 desdobramentos administrativos, jur\u00eddicos, m\u00e9dicos, financeiros e emocionais, que podem comprometer a capacidade de trabalho e perdurar por anos. Muitas dessas v\u00edtimas, por desconhecimento, deixam de acessar benef\u00edcios, como o aux\u00edlio-acidente ou o aux\u00edlio-doen\u00e7a, o que agrava ainda mais sua situa\u00e7\u00e3o de vulnerabilidade.<\/p>\n\n\n\n<p>\u201cMuitos sobreviventes sequer sabem que t\u00eam direito ao aux\u00edlio-acidente, um benef\u00edcio que pode ajudar no recome\u00e7o e adapta\u00e7\u00e3o a uma nova realidade. Nosso papel \u00e9 garantir que essas pessoas tenham acesso \u00e0 orienta\u00e7\u00e3o correta e ao suporte necess\u00e1rio\u201d, completa Caroline.<\/p>\n\n\n\n<p>O movimento Maio Amarelo, criado em 2011 e hoje presente em mais de 30 pa\u00edses, utiliza a cor amarela como s\u00edmbolo de alerta e aten\u00e7\u00e3o, da mesma forma que no sem\u00e1foro. Em 2025, a\u00e7\u00f5es educativas, interven\u00e7\u00f5es urbanas, f\u00f3runs e campanhas culturais est\u00e3o sendo promovidas em todo o pa\u00eds para incentivar atitudes seguras e o cumprimento da legisla\u00e7\u00e3o de tr\u00e2nsito.<\/p>\n\n\n\n<p>Cada ultrapassagem perigosa, cada segundo de distra\u00e7\u00e3o ao volante e cada dose de bebida antes de dirigir representam riscos reais que podem ser fatais. Para Caroline, a preven\u00e7\u00e3o deve ser prioridade, e isso come\u00e7a com responsabilidade individual aliada a uma fiscaliza\u00e7\u00e3o efetiva.<\/p>\n\n\n\n<p>\u201c&#8217;Desacelerar&#8217; n\u00e3o \u00e9 apenas um lema de campanha, \u00e9 uma convoca\u00e7\u00e3o \u00e0 empatia e \u00e0 responsabilidade com o lembrete de que a\u00e7\u00f5es isoladas t\u00eam impacto limitado se n\u00e3o houver comprometimento coletivo\u201d, afirma.&nbsp;<\/p>\n\n\n\n<p>A DS Beline acredita que uma mobilidade urbana segura se constr\u00f3i com informa\u00e7\u00e3o, empatia e respeito m\u00fatuo. \u201cPrecisamos entender que o tr\u00e2nsito \u00e9 um espa\u00e7o coletivo. Pequenas atitudes, como respeitar a sinaliza\u00e7\u00e3o, usar o cinto de seguran\u00e7a ou atravessar na faixa, salvam vidas. Parece clich\u00ea, mas se cada um fizer sua parte, juntos podemos transformar essa realidade\u201d, conclui Caroline.&nbsp;<\/p>\n\n\n\n<p><\/p>\n","protected":false},"excerpt":{"rendered":"<p>Cr\u00e9dito: Getty Images Neste m\u00eas, o Brasil mais uma vez se mobiliza em torno do Maio Amarelo, campanha internacional que&hellip;<\/p>\n","protected":false},"author":1,"featured_media":241,"comment_status":"open","ping_status":"open","sticky":false,"template":"","format":"standard","meta":{"footnotes":""},"categories":[3],"tags":[],"class_list":["post-240","post","type-post","status-publish","format-standard","has-post-thumbnail","hentry","category-geral"],"_links":{"self":[{"href":"https:\/\/queridabh.com.br\/index.php\/wp-json\/wp\/v2\/posts\/240","targetHints":{"allow":["GET"]}}],"collection":[{"href":"https:\/\/queridabh.com.br\/index.php\/wp-json\/wp\/v2\/posts"}],"about":[{"href":"https:\/\/queridabh.com.br\/index.php\/wp-json\/wp\/v2\/types\/post"}],"author":[{"embeddable":true,"href":"https:\/\/queridabh.com.br\/index.php\/wp-json\/wp\/v2\/users\/1"}],"replies":[{"embeddable":true,"href":"https:\/\/queridabh.com.br\/index.php\/wp-json\/wp\/v2\/comments?post=240"}],"version-history":[{"count":1,"href":"https:\/\/queridabh.com.br\/index.php\/wp-json\/wp\/v2\/posts\/240\/revisions"}],"predecessor-version":[{"id":242,"href":"https:\/\/queridabh.com.br\/index.php\/wp-json\/wp\/v2\/posts\/240\/revisions\/242"}],"wp:featuredmedia":[{"embeddable":true,"href":"https:\/\/queridabh.com.br\/index.php\/wp-json\/wp\/v2\/media\/241"}],"wp:attachment":[{"href":"https:\/\/queridabh.com.br\/index.php\/wp-json\/wp\/v2\/media?parent=240"}],"wp:term":[{"taxonomy":"category","embeddable":true,"href":"https:\/\/queridabh.com.br\/index.php\/wp-json\/wp\/v2\/categories?post=240"},{"taxonomy":"post_tag","embeddable":true,"href":"https:\/\/queridabh.com.br\/index.php\/wp-json\/wp\/v2\/tags?post=240"}],"curies":[{"name":"wp","href":"https:\/\/api.w.org\/{rel}","templated":true}]}}