{"id":249,"date":"2025-05-28T14:36:29","date_gmt":"2025-05-28T17:36:29","guid":{"rendered":"https:\/\/queridabh.com.br\/?p=249"},"modified":"2025-05-21T14:40:13","modified_gmt":"2025-05-21T17:40:13","slug":"2025-tem-queda-no-numero-de-mortes-nas-rodovias-federais","status":"publish","type":"post","link":"https:\/\/queridabh.com.br\/index.php\/2025\/05\/28\/2025-tem-queda-no-numero-de-mortes-nas-rodovias-federais\/","title":{"rendered":"2025 tem queda no n\u00famero de mortes nas rodovias federais"},"content":{"rendered":"\n<p class=\"has-small-font-size\"><em>Cr\u00e9dito: divulga\u00e7\u00e3o<\/em><\/p>\n\n\n\n<p>Dados da PRF indicam aumento da fiscaliza\u00e7\u00e3o contra Lei Seca e queda no n\u00famero de acidentes<\/p>\n\n\n\n<p>O primeiro trimestre de 2025 registrou uma queda de 5,71% no n\u00famero de mortes em acidentes ocorridos nas rodovias federais brasileiras, em compara\u00e7\u00e3o com o mesmo per\u00edodo do ano anterior. Os dados da Pol\u00edcia Rodovi\u00e1ria Federal (PRF) tamb\u00e9m apontam uma redu\u00e7\u00e3o de 1,67% no n\u00famero total de acidentes.<\/p>\n\n\n\n<p>Um dos fatores que contribu\u00edram para essa melhora foi o aumento significativo na fiscaliza\u00e7\u00e3o da Lei Seca. De acordo com a PRF, houve um crescimento de 34% na realiza\u00e7\u00e3o de comandos de fiscaliza\u00e7\u00e3o, saltando de 15.854 opera\u00e7\u00f5es no primeiro trimestre de 2024 para 21.167 no mesmo per\u00edodo deste ano.<\/p>\n\n\n\n<p>O resultado dessa intensifica\u00e7\u00e3o foi uma redu\u00e7\u00e3o de 1,87% no n\u00famero de autua\u00e7\u00f5es por constata\u00e7\u00e3o de embriaguez e de recusa ao teste do baf\u00f4metro. Mais expressiva ainda foi a queda de 16,74% apenas nas autua\u00e7\u00f5es espec\u00edficas por dirigir embriagado.<\/p>\n\n\n\n<p>Para Adalgisa Lopes, presidente da Associa\u00e7\u00e3o das Cl\u00ednicas de Tr\u00e2nsito de Minas Gerais (Actrans-MG), os dados mostram que o aumento da fiscaliza\u00e7\u00e3o tem um papel fundamental na mudan\u00e7a gradual de comportamento. \u201cA presen\u00e7a ostensiva da fiscaliza\u00e7\u00e3o cria um efeito dissuasivo importante. Quando o motorista sabe que h\u00e1 grande probabilidade de ser abordado em um comando da Lei Seca, ele tende a repensar a decis\u00e3o de beber e dirigir&#8221;, explica.<\/p>\n\n\n\n<p>A redu\u00e7\u00e3o de mortes em quase 6% \u00e9 significativa quando falamos de vidas humanas. \u201cCada percentual representa fam\u00edlias que n\u00e3o foram devastadas pela perda de um ente querido em acidentes evit\u00e1veis&#8221;, afirma Adalgisa.<\/p>\n\n\n\n<p>PRF intensifica fiscaliza\u00e7\u00f5es da Lei Seca<\/p>\n\n\n\n<p>No entanto, apesar dos avan\u00e7os, os n\u00fameros ainda preocupam as especialistas. Giovanna Varoni, diretora da Actrans-MG, analisa o comportamento persistente de motoristas que insistem em dirigir ap\u00f3s o consumo de \u00e1lcool. &#8220;O que observamos \u00e9 um fen\u00f4meno complexo de nega\u00e7\u00e3o do risco. Muitos motoristas desenvolvem o que chamamos de &#8216;vi\u00e9s de otimismo&#8217;, acreditando que acidentes s\u00f3 acontecem com os outros&#8221;, destaca Varoni. &#8220;H\u00e1 tamb\u00e9m um componente cultural muito forte no Brasil, onde o \u00e1lcool est\u00e1 presente em quase todas as celebra\u00e7\u00f5es e encontros sociais, criando uma normaliza\u00e7\u00e3o perigosa do &#8216;s\u00f3 um pouquinho&#8217; ou &#8216;estou acostumado'&#8221;, acrescenta.<\/p>\n\n\n\n<p>As psic\u00f3logas ressaltam ainda que o comportamento de risco est\u00e1 frequentemente associado a tra\u00e7os de personalidade espec\u00edficos. &#8220;Pessoas com maior tend\u00eancia \u00e0 impulsividade e busca por sensa\u00e7\u00f5es tendem a subestimar os riscos e superestimar suas habilidades ao volante. \u00c9 o que chamamos de ilus\u00e3o de controle, que \u00e9 potencializada pelo pr\u00f3prio efeito do \u00e1lcool no c\u00e9rebro, que compromete justamente o julgamento e a capacidade de avaliar riscos&#8221;, explica Giovanna.<\/p>\n\n\n\n<p>Como mudar<br>Adalgisa Lopes complementa que a mudan\u00e7a de comportamento requer mais do que apenas puni\u00e7\u00e3o. &#8220;Precisamos de uma abordagem multifacetada que combine fiscaliza\u00e7\u00e3o rigorosa, educa\u00e7\u00e3o cont\u00ednua e campanhas de conscientiza\u00e7\u00e3o que atinjam o n\u00edvel emocional das pessoas. Os n\u00fameros mostram que estamos no caminho certo, mas ainda h\u00e1 muito a ser feito&#8221;, enfatiza.<\/p>\n\n\n\n<p>A presidente da Actrans-MG tamb\u00e9m destaca a import\u00e2ncia da campanha Maio Amarelo nesse contexto. &#8220;O Maio Amarelo tem um papel crucial ao manter o tema da seguran\u00e7a no tr\u00e2nsito em evid\u00eancia. Precisamos que a sociedade compreenda que dirigir sob efeito de \u00e1lcool n\u00e3o \u00e9 apenas uma infra\u00e7\u00e3o administrativa ou um crime de tr\u00e2nsito, mas uma escolha consciente que coloca em risco vidas inocentes&#8221;, conclui.<\/p>\n\n\n\n<p><\/p>\n","protected":false},"excerpt":{"rendered":"<p>Cr\u00e9dito: divulga\u00e7\u00e3o Dados da PRF indicam aumento da fiscaliza\u00e7\u00e3o contra Lei Seca e queda no n\u00famero de acidentes O primeiro&hellip;<\/p>\n","protected":false},"author":1,"featured_media":250,"comment_status":"open","ping_status":"open","sticky":false,"template":"","format":"standard","meta":{"footnotes":""},"categories":[3],"tags":[],"class_list":["post-249","post","type-post","status-publish","format-standard","has-post-thumbnail","hentry","category-geral"],"_links":{"self":[{"href":"https:\/\/queridabh.com.br\/index.php\/wp-json\/wp\/v2\/posts\/249","targetHints":{"allow":["GET"]}}],"collection":[{"href":"https:\/\/queridabh.com.br\/index.php\/wp-json\/wp\/v2\/posts"}],"about":[{"href":"https:\/\/queridabh.com.br\/index.php\/wp-json\/wp\/v2\/types\/post"}],"author":[{"embeddable":true,"href":"https:\/\/queridabh.com.br\/index.php\/wp-json\/wp\/v2\/users\/1"}],"replies":[{"embeddable":true,"href":"https:\/\/queridabh.com.br\/index.php\/wp-json\/wp\/v2\/comments?post=249"}],"version-history":[{"count":1,"href":"https:\/\/queridabh.com.br\/index.php\/wp-json\/wp\/v2\/posts\/249\/revisions"}],"predecessor-version":[{"id":251,"href":"https:\/\/queridabh.com.br\/index.php\/wp-json\/wp\/v2\/posts\/249\/revisions\/251"}],"wp:featuredmedia":[{"embeddable":true,"href":"https:\/\/queridabh.com.br\/index.php\/wp-json\/wp\/v2\/media\/250"}],"wp:attachment":[{"href":"https:\/\/queridabh.com.br\/index.php\/wp-json\/wp\/v2\/media?parent=249"}],"wp:term":[{"taxonomy":"category","embeddable":true,"href":"https:\/\/queridabh.com.br\/index.php\/wp-json\/wp\/v2\/categories?post=249"},{"taxonomy":"post_tag","embeddable":true,"href":"https:\/\/queridabh.com.br\/index.php\/wp-json\/wp\/v2\/tags?post=249"}],"curies":[{"name":"wp","href":"https:\/\/api.w.org\/{rel}","templated":true}]}}