{"id":252,"date":"2025-05-23T14:40:20","date_gmt":"2025-05-23T17:40:20","guid":{"rendered":"https:\/\/queridabh.com.br\/?p=252"},"modified":"2025-05-21T14:42:09","modified_gmt":"2025-05-21T17:42:09","slug":"lauana-prado-anuncia-todas-as-participacoes-especiais-do-raiz-belo-horizonte-deste-sabado","status":"publish","type":"post","link":"https:\/\/queridabh.com.br\/index.php\/2025\/05\/23\/lauana-prado-anuncia-todas-as-participacoes-especiais-do-raiz-belo-horizonte-deste-sabado\/","title":{"rendered":"Lauana Prado anuncia todas as participa\u00e7\u00f5es especiais do &#8220;Raiz Belo Horizonte&#8221; deste s\u00e1bado"},"content":{"rendered":"\n<p class=\"has-small-font-size\"><em>Cr\u00e9dito: divulga\u00e7\u00e3o<\/em><\/p>\n\n\n\n<p>No pr\u00f3ximo s\u00e1bado, 24 de maio, o Est\u00e1dio Mineir\u00e3o, em Belo Horizonte, ser\u00e1 palco da grava\u00e7\u00e3o da terceira edi\u00e7\u00e3o do audiovisual &#8220;Raiz&#8221;, de Lauana Prado. O projeto &#8220;Raiz&#8221; tem se consolidado como um dos mais relevantes no cen\u00e1rio musical brasileiro, somando mais de 10 bilh\u00f5es de streams nas plataformas de \u00e1udio e redes sociais e resgatando cl\u00e1ssicos da m\u00fasica sertaneja para al\u00e9m do sertanejo. No palco, Lauana Prado receber\u00e1 as participa\u00e7\u00f5es de Murilo Huff, Paula Fernandes, Elba Ramalho, Zez\u00e9 Di Camargo, Diego e Victor Hugo, Roberta Miranda e a dupla Gian &amp; Giovani.<\/p>\n\n\n\n<p>&#8220;\u00c9 uma honra imensa dividir o palco com artistas que admiro e que s\u00e3o refer\u00eancias em suas trajet\u00f3rias. Estou muito feliz! Cada um deles traz uma hist\u00f3ria rica e \u00fanica, e t\u00ea-los comigo neste projeto \u00e9 um presente para mim e para todos que acompanham o &#8216;Raiz\u2019. Cada feat, tenham certeza, \u00e9 um sonho se realizando. A \u201cmoagem\u201d vai ser grande, BH!\u201d, celebra Lauana Prado.<\/p>\n\n\n\n<p>Com um setlist que mescla regrava\u00e7\u00f5es de sucesso da m\u00fasica nacional e 6 can\u00e7\u00f5es in\u00e9ditas que prometem surpreender o p\u00fablico, os feats que s\u00e3o um dos momentos mais esperados do \u00e1lbum, mant\u00e9m a tradi\u00e7\u00e3o e o pr\u00f3posito de Lauana Prado de reunir no palco&nbsp; artistas renomados de diferentes estilos. Toda a constru\u00e7\u00e3o musical do projeto refor\u00e7a a versatilidade musical e art\u00edstica de Lauana, que transita com tranquilidade por todos os g\u00eaneros musicais.<\/p>\n\n\n\n<p>Entre outras novidades do Raiz Belo Horizonte tamb\u00e9m est\u00e3o um novo conceito para o show, com mudan\u00e7as na cenografia, roteiro e repert\u00f3rio, al\u00e9m de inova\u00e7\u00f5es no formato de ingressos. Atendendo aos pedidos dos f\u00e3s, estreia o exclusivo setor \u201cCamarote Bar do Tet\u00e9u\u201d e um camarote open bar, ampliando as op\u00e7\u00f5es de acesso e proporcionando uma experi\u00eancia ainda mais personalizada e inesquec\u00edvel. Al\u00e9m disso, os f\u00e3s de Belo Horizonte ter\u00e3o a oportunidade de adquirir o ingresso &#8220;RAIZ VIP EXPERIENCE\u201d.<br><br>Conhe\u00e7a os benef\u00edcios dos novos formatos de ingressos:<br><br><strong>RAIZ VIP EXPERIENCE<\/strong><\/p>\n\n\n\n<ul class=\"wp-block-list\">\n<li>Entrada exclusiva pelo camarote Bar do Tet\u00e9u<\/li>\n\n\n\n<li>Espa\u00e7o exclusivo dentro do camarote bar do tet\u00e9u<\/li>\n\n\n\n<li>Convite individual nomeado como &#8220;Convidado da\u00a0Lauana\u00a0Prado&#8221;<\/li>\n\n\n\n<li>Transporte exclusivo em van, ida e volta do show<\/li>\n\n\n\n<li>Foto garantida com a\u00a0Lauana\u00a0Prado\u00a0<\/li>\n\n\n\n<li>Lounge premium no \u201cCamarote do Bar do Tet\u00e9u\u201d com open bar e open food<\/li>\n\n\n\n<li>Kit Raiz com itens personalizados e exclusivos<\/li>\n\n\n\n<li>Atendimento personalizado com concierge<\/li>\n\n\n\n<li>entre outros benef\u00edcios<br><\/li>\n<\/ul>\n\n\n\n<p><strong>SETOR CAMAROTE BAR DO TET\u00c9U<\/strong><\/p>\n\n\n\n<ul class=\"wp-block-list\">\n<li>Entrada exclusiva;<\/li>\n\n\n\n<li>\u00c1rea elevada;<\/li>\n\n\n\n<li>Bares e gar\u00e7ons exclusivos;<\/li>\n\n\n\n<li>Banheiro Vip exclusivo.<\/li>\n\n\n\n<li>(setor n\u00e3o oferece Open Bar)<\/li>\n<\/ul>\n\n\n\n<p><strong>CAMAROTE OPEN BAR<\/strong><\/p>\n\n\n\n<ul class=\"wp-block-list\">\n<li>Entrada exclusiva;<\/li>\n\n\n\n<li>Banheiro Vip exclusivo;<\/li>\n\n\n\n<li>Open bar oferece:<\/li>\n\n\n\n<li>\u00c1gua com e sem g\u00e1s<\/li>\n\n\n\n<li>Refrigerante<\/li>\n\n\n\n<li>Cerveja<\/li>\n\n\n\n<li>Vodka<\/li>\n\n\n\n<li>Gin<\/li>\n\n\n\n<li>Whisky<\/li>\n\n\n\n<li>Suco<\/li>\n\n\n\n<li>T\u00f4nica<\/li>\n<\/ul>\n\n\n\n<p>Al\u00e9m da grava\u00e7\u00e3o do \u201cRaiz Belo Horizonte\u201d, o evento contar\u00e1 com um after que presenteia o p\u00fablico com uma apresenta\u00e7\u00e3o de Diego &amp; Victor Hugo, que al\u00e9m de serem participa\u00e7\u00f5es especiais, comandam o show de encerramento da noite celebrando o anivers\u00e1rio de Lauana Prado.<\/p>\n\n\n\n<p>Produzida em parceria entre Universal Music, GTS, LP Music Business, GTS Talent, Box e Nenety eventos, a grava\u00e7\u00e3o do RAIZ Belo Horizonte conta com o patroc\u00ednio da RAM, a picape oficial da label em 2025, e Betnacional.<\/p>\n\n\n\n<p><strong>Grava\u00e7\u00e3o &#8211; RAIZ BELO HORIZONTE<\/strong><br>Data: 24 de maio, s\u00e1bado<br>Hor\u00e1rio: A partir das 13h<br>Local: Mineir\u00e3o &#8211; Av. Presidente Carlos Luz &#8211; S\u00e3o Luiz, Belo Horizonte &#8211; MG<br>\u00daltimos ingressos:&nbsp;<a href=\"https:\/\/lauanapradoraiz.com.br\/\" target=\"_blank\" rel=\"noreferrer noopener\">https:\/\/lauanapradoraiz.com.br\/<\/a><br>Classifica\u00e7\u00e3o 18 anos<\/p>\n\n\n\n<p><strong>Sobre o projeto musical \u201cRaiz\u201d:<\/strong><\/p>\n\n\n\n<p>O projeto &#8220;Raiz&#8221;, idealizado por Lauana Prado, consolidou-se como um marco na m\u00fasica sertaneja contempor\u00e2nea. Sua primeira edi\u00e7\u00e3o, &#8220;Raiz ao Vivo em S\u00e3o Paulo&#8221; (2022), destacou-se com 22 faixas que homenageiam cl\u00e1ssicos do g\u00eanero, rendendo \u00e0 artista uma indica\u00e7\u00e3o ao Grammy Latino. Em 2023, &#8220;Raiz Goi\u00e2nia&#8221; alcan\u00e7ou o topo das paradas no Spotify Brasil, impulsionado pelo sucesso de &#8220;Escrito nas Estrelas&#8221;, que viralizou nas redes sociais e conquistou dois Pr\u00eamios Multishow em 2024 e se tornou uma das m\u00fasicas mais ouvidas nas plataformas de streaming e nas r\u00e1dios brasileiras no mesmo ano. . Agora, Lauana se prepara para gravar &#8220;Raiz Belo Horizonte&#8221; em 24 de maio de 2025, no Mineir\u00e3o, prometendo novidades no repert\u00f3rio, cenografia e experi\u00eancias exclusivas para os f\u00e3s, al\u00e9m de participa\u00e7\u00f5es especiais de nomes como Murilo Huff, Paula Fernandes, Gian &amp; Giovani, Zez\u00e9 Di Camargo, Roberta Miranda e Elba Ramalho.<\/p>\n\n\n\n<p><\/p>\n","protected":false},"excerpt":{"rendered":"<p>Cr\u00e9dito: divulga\u00e7\u00e3o No pr\u00f3ximo s\u00e1bado, 24 de maio, o Est\u00e1dio Mineir\u00e3o, em Belo Horizonte, ser\u00e1 palco da grava\u00e7\u00e3o da terceira&hellip;<\/p>\n","protected":false},"author":1,"featured_media":253,"comment_status":"open","ping_status":"open","sticky":false,"template":"","format":"standard","meta":{"footnotes":""},"categories":[3],"tags":[],"class_list":["post-252","post","type-post","status-publish","format-standard","has-post-thumbnail","hentry","category-geral"],"_links":{"self":[{"href":"https:\/\/queridabh.com.br\/index.php\/wp-json\/wp\/v2\/posts\/252","targetHints":{"allow":["GET"]}}],"collection":[{"href":"https:\/\/queridabh.com.br\/index.php\/wp-json\/wp\/v2\/posts"}],"about":[{"href":"https:\/\/queridabh.com.br\/index.php\/wp-json\/wp\/v2\/types\/post"}],"author":[{"embeddable":true,"href":"https:\/\/queridabh.com.br\/index.php\/wp-json\/wp\/v2\/users\/1"}],"replies":[{"embeddable":true,"href":"https:\/\/queridabh.com.br\/index.php\/wp-json\/wp\/v2\/comments?post=252"}],"version-history":[{"count":1,"href":"https:\/\/queridabh.com.br\/index.php\/wp-json\/wp\/v2\/posts\/252\/revisions"}],"predecessor-version":[{"id":254,"href":"https:\/\/queridabh.com.br\/index.php\/wp-json\/wp\/v2\/posts\/252\/revisions\/254"}],"wp:featuredmedia":[{"embeddable":true,"href":"https:\/\/queridabh.com.br\/index.php\/wp-json\/wp\/v2\/media\/253"}],"wp:attachment":[{"href":"https:\/\/queridabh.com.br\/index.php\/wp-json\/wp\/v2\/media?parent=252"}],"wp:term":[{"taxonomy":"category","embeddable":true,"href":"https:\/\/queridabh.com.br\/index.php\/wp-json\/wp\/v2\/categories?post=252"},{"taxonomy":"post_tag","embeddable":true,"href":"https:\/\/queridabh.com.br\/index.php\/wp-json\/wp\/v2\/tags?post=252"}],"curies":[{"name":"wp","href":"https:\/\/api.w.org\/{rel}","templated":true}]}}