{"id":258,"date":"2025-05-22T14:49:49","date_gmt":"2025-05-22T17:49:49","guid":{"rendered":"https:\/\/queridabh.com.br\/?p=258"},"modified":"2025-05-21T14:52:42","modified_gmt":"2025-05-21T17:52:42","slug":"ignorar-medidas-preventivas-pode-gerar-aumento-de-doencas-respiratorias-alerta-infectologista","status":"publish","type":"post","link":"https:\/\/queridabh.com.br\/index.php\/2025\/05\/22\/ignorar-medidas-preventivas-pode-gerar-aumento-de-doencas-respiratorias-alerta-infectologista\/","title":{"rendered":"Ignorar medidas preventivas pode gerar aumento de doen\u00e7as respirat\u00f3rias, alerta infectologista"},"content":{"rendered":"\n<p class=\"has-small-font-size\"><em>Cr\u00e9dito: divulga\u00e7\u00e3o<\/em><\/p>\n\n\n\n<p><em>Casos seguem amea\u00e7ando grupos de risco em Minas Gerais: crian\u00e7as e idosos lideram interna\u00e7\u00f5es<\/em><\/p>\n\n\n\n<p>Com a queda nas temperaturas, Minas Gerais j\u00e1 sente os efeitos de um velho conhecido desta \u00e9poca do ano: o avan\u00e7o de s\u00edndromes gripais e outras doen\u00e7as respirat\u00f3rias. Segundo a Secretaria de Estado de Sa\u00fade (SES-MG), os grupos mais afetados seguem sendo os mais vulner\u00e1veis: crian\u00e7as com menos de um ano (2.587 interna\u00e7\u00f5es) e idosos com mais de 60 (15.130). Neste ano, at\u00e9 7 de maio, o Estado contabilizou 29.723 interna\u00e7\u00f5es causadas por enfermidades como pneumonia, gripe, sinusite, covid, entre outras, o que levou o governo a decretar situa\u00e7\u00e3o de emerg\u00eancia em sa\u00fade p\u00fablica, v\u00e1lida por 180 dias.<\/p>\n\n\n\n<p>Carlos Starling, infectologista da Hapvida, explica que, embora as mudan\u00e7as sazonais contribuam para o crescimento dos casos, o fen\u00f4meno n\u00e3o se resume apenas ao clima. Para ele, h\u00e1bitos simples e eficazes no combate \u00e0s infec\u00e7\u00f5es respirat\u00f3rias, como a higieniza\u00e7\u00e3o correta das m\u00e3os, a vacina\u00e7\u00e3o em dia e o uso de m\u00e1scaras por pessoas sintom\u00e1ticas devem ser mantidos. &#8220;Esses cuidados continuam salvando vidas e n\u00e3o podem ser abandonados. A pandemia deixou li\u00e7\u00f5es importantes que devem ser lembradas&#8221;, pontua.<\/p>\n\n\n\n<p><strong>\u00c9 s\u00f3 um resfriado?<\/strong><\/p>\n\n\n\n<p>Um dos vil\u00f5es deste per\u00edodo \u00e9 o v\u00edrus sincicial respirat\u00f3rio (VSR), que tem causado preocupa\u00e7\u00e3o principalmente entre as crian\u00e7as menores de dois anos. Segundo a Secretaria de Aten\u00e7\u00e3o Prim\u00e1ria \u00e0 Sa\u00fade, o pat\u00f3geno \u00e9 respons\u00e1vel por 80% dos casos de bronquiolite e 60% das pneumonias nessa faixa et\u00e1ria. Os n\u00fameros impressionam: a cada cinco crian\u00e7as infectadas, uma precisa de atendimento ambulatorial e, em m\u00e9dia, uma em cada 50 \u00e9 hospitalizada ainda no primeiro ano de vida.<\/p>\n\n\n\n<p>O impacto \u00e9 ainda mais severo em beb\u00eas prematuros, mais suscet\u00edveis \u00e0s complica\u00e7\u00f5es. Entre 2018 e 2024, o pa\u00eds registrou dezenas de milhares de interna\u00e7\u00f5es relacionadas ao VSR nessa popula\u00e7\u00e3o. &#8220;\u00c9 o v\u00edrus que tem provocado o maior n\u00famero de interna\u00e7\u00f5es hospitalares neste momento, especialmente entre crian\u00e7as&#8221;, refor\u00e7a Starling.<\/p>\n\n\n\n<p>Al\u00e9m do VSR, continuam circulando outros agentes infecciosos: Influenza, rinov\u00edrus, metapneumov\u00edrus e a pr\u00f3pria covid-19. &#8220;A covid ainda mata uma pessoa a cada 29 horas no Brasil. \u00c9 como se dois avi\u00f5es cheios de passageiros ca\u00edssem por semana e ningu\u00e9m se chocasse com isso&#8221;, alerta o infectologista.<\/p>\n\n\n\n<p>Crian\u00e7as, idosos e pessoas com doen\u00e7as cr\u00f4nicas, como diabetes, hipertens\u00e3o, c\u00e2ncer ou imunossupress\u00e3o, s\u00e3o os que mais sofrem com as complica\u00e7\u00f5es dessas infec\u00e7\u00f5es. O que come\u00e7a como um simples mal-estar pode evoluir, rapidamente, para um quadro grave. Febre persistente, tosse com secre\u00e7\u00e3o purulenta ou com sangue, dificuldade para respirar e prostra\u00e7\u00e3o s\u00e3o sinais de alerta. Nesses casos, \u00e9 fundamental buscar atendimento m\u00e9dico com urg\u00eancia.<\/p>\n\n\n\n<p>Outro ponto de aten\u00e7\u00e3o est\u00e1 na automedica\u00e7\u00e3o, que deve ser evitada. &#8220;Rem\u00e9dios como o \u00e1cido acetilsalic\u00edlico s\u00e3o contraindicados em casos de infec\u00e7\u00f5es virais, especialmente se houver suspeita de dengue&#8221;, adverte Starling.<\/p>\n\n\n\n<p><strong>Vacina\u00e7\u00e3o \u00e9 cuidado coletivo<\/strong><\/p>\n\n\n\n<p>Mesmo com vacinas eficazes dispon\u00edveis gratuitamente pelo Sistema \u00danico de Sa\u00fade (SUS), a ades\u00e3o da popula\u00e7\u00e3o continua abaixo do ideal. &#8220;\u00c9 inacredit\u00e1vel que, mesmo depois de tudo o que vivemos, ainda precisemos combater fake news sobre vacinas&#8221;, dispara o especialista.<\/p>\n\n\n\n<p>Starling tamb\u00e9m critica o abandono de medidas b\u00e1sicas de conten\u00e7\u00e3o de v\u00edrus. &#8220;As pessoas deixaram de usar m\u00e1scaras mesmo quando est\u00e3o com sintomas. O que \u00e9 leve para voc\u00ea pode ser letal para algu\u00e9m da sua fam\u00edlia.&#8221; O uso de m\u00e1scaras, para o infectologista, deveria ser mantido, pelo menos, por quem est\u00e1 doente ou convive com pessoas do grupo de risco.<\/p>\n\n\n\n<p>Outros cuidados continuam sendo essenciais, como manter os ambientes bem ventilados, evitar aglomera\u00e7\u00f5es desnecess\u00e1rias e higienizar as m\u00e3os com frequ\u00eancia. &#8220;\u00c9 curioso perceber como o \u00e1lcool em gel sumiu dos estabelecimentos. A higiene das m\u00e3os segue sendo uma das formas mais simples e eficazes de interromper a cadeia de transmiss\u00e3o&#8221;, afirma. &#8220;O cuidado com a sa\u00fade respirat\u00f3ria exige atitude, responsabilidade e informa\u00e7\u00e3o confi\u00e1vel. Vacina n\u00e3o \u00e9 s\u00f3 prote\u00e7\u00e3o individual. \u00c9 um ato de cuidado coletivo. Quem se vacina protege tamb\u00e9m quem est\u00e1 ao lado&#8221;, completa Starling.<\/p>\n","protected":false},"excerpt":{"rendered":"<p>Cr\u00e9dito: divulga\u00e7\u00e3o Casos seguem amea\u00e7ando grupos de risco em Minas Gerais: crian\u00e7as e idosos lideram interna\u00e7\u00f5es Com a queda nas&hellip;<\/p>\n","protected":false},"author":1,"featured_media":259,"comment_status":"open","ping_status":"open","sticky":false,"template":"","format":"standard","meta":{"footnotes":""},"categories":[2],"tags":[],"class_list":["post-258","post","type-post","status-publish","format-standard","has-post-thumbnail","hentry","category-noticias"],"_links":{"self":[{"href":"https:\/\/queridabh.com.br\/index.php\/wp-json\/wp\/v2\/posts\/258","targetHints":{"allow":["GET"]}}],"collection":[{"href":"https:\/\/queridabh.com.br\/index.php\/wp-json\/wp\/v2\/posts"}],"about":[{"href":"https:\/\/queridabh.com.br\/index.php\/wp-json\/wp\/v2\/types\/post"}],"author":[{"embeddable":true,"href":"https:\/\/queridabh.com.br\/index.php\/wp-json\/wp\/v2\/users\/1"}],"replies":[{"embeddable":true,"href":"https:\/\/queridabh.com.br\/index.php\/wp-json\/wp\/v2\/comments?post=258"}],"version-history":[{"count":2,"href":"https:\/\/queridabh.com.br\/index.php\/wp-json\/wp\/v2\/posts\/258\/revisions"}],"predecessor-version":[{"id":261,"href":"https:\/\/queridabh.com.br\/index.php\/wp-json\/wp\/v2\/posts\/258\/revisions\/261"}],"wp:featuredmedia":[{"embeddable":true,"href":"https:\/\/queridabh.com.br\/index.php\/wp-json\/wp\/v2\/media\/259"}],"wp:attachment":[{"href":"https:\/\/queridabh.com.br\/index.php\/wp-json\/wp\/v2\/media?parent=258"}],"wp:term":[{"taxonomy":"category","embeddable":true,"href":"https:\/\/queridabh.com.br\/index.php\/wp-json\/wp\/v2\/categories?post=258"},{"taxonomy":"post_tag","embeddable":true,"href":"https:\/\/queridabh.com.br\/index.php\/wp-json\/wp\/v2\/tags?post=258"}],"curies":[{"name":"wp","href":"https:\/\/api.w.org\/{rel}","templated":true}]}}