{"id":265,"date":"2025-05-27T15:04:18","date_gmt":"2025-05-27T18:04:18","guid":{"rendered":"https:\/\/queridabh.com.br\/?p=265"},"modified":"2025-05-21T15:07:15","modified_gmt":"2025-05-21T18:07:15","slug":"os-beneficios-da-escrita-poetica-na-terceira-idade","status":"publish","type":"post","link":"https:\/\/queridabh.com.br\/index.php\/2025\/05\/27\/os-beneficios-da-escrita-poetica-na-terceira-idade\/","title":{"rendered":"Os benef\u00edcios da escrita po\u00e9tica na terceira idade"},"content":{"rendered":"\n<p class=\"has-small-font-size\"><em>Cr\u00e9dito: divulga\u00e7\u00e3o<\/em><\/p>\n\n\n\n<p><strong><em>&#8220;<\/em><\/strong><em>A poesia pode servir de ferramenta cultural para ressignificar mem\u00f3rias e experi\u00eancias. Mem\u00f3rias s\u00e3o as lembran\u00e7as dos acontecimentos de ontem trazidos pela mente para o hoje. Experi\u00eancias s\u00e3o os conhecimentos adquiridos fruto das viv\u00eancias ao longo da vida.&#8221;<\/em><\/p>\n\n\n\n<p><strong><em>Por Eduardo Barchiesi*<\/em><\/strong><\/p>\n\n\n\n<p>A escrita po\u00e9tica pode se tornar uma atividade relevante para a terceira idade pela sua exig\u00eancia de criatividade e est\u00edmulo \u00e0 atividade mental. Atrav\u00e9s da leitura de bons textos, se usufrui de momentos instigantes de alegria, tristeza e reflex\u00e3o. Da sua feitura, a viv\u00eancia dessa empreitada. S\u00e3o situa\u00e7\u00f5es que contribuem para uma melhor qualidade de vida n\u00e3o s\u00f3 de idosos, mas de pessoas de qualquer idade.&nbsp;<\/p>\n\n\n\n<p>A poesia, em espec\u00edfico, \u00e9 uma forma de express\u00e3o cultural do ser humano, como tantas outras. Cri\u00e1-la e recepcion\u00e1-la \u00e9 uma forma de contribui\u00e7\u00e3o para essa esp\u00e9cie aprimorar sua humanidade. Escrever estimula o c\u00e9rebro a exercer uma fun\u00e7\u00e3o, dentre outras, para a qual se desenvolveu \u2014 pensar.<\/p>\n\n\n\n<p>Outra contribui\u00e7\u00e3o importante \u00e9 que a poesia pode servir de ferramenta cultural para ressignificar mem\u00f3rias e experi\u00eancias. Mem\u00f3rias s\u00e3o as lembran\u00e7as dos acontecimentos de ontem trazidos pela mente para o hoje. Experi\u00eancias s\u00e3o os conhecimentos adquiridos fruto das viv\u00eancias ao longo da vida. A ressignifica\u00e7\u00e3o ocorre, por exemplo, pela contraposi\u00e7\u00e3o hist\u00f3rica de comportamentos, situa\u00e7\u00f5es, contextos, tentar captar se a vida evolui para cima ou para baixo. Para o sublime ou para o grotesco. Ou se segue a lesma lerda.<\/p>\n\n\n\n<p>Para a pessoa idosa, como para qualquer pessoa, a escrita po\u00e9tica pode ajudar a refletir sobre sua pr\u00f3pria vida e trajet\u00f3ria. Em rela\u00e7\u00e3o ao meu percurso como poeta, quando comecei meu trabalho tinha um car\u00e1ter mais personalista, egoc\u00eantrico; era mais ir\u00f4nico e mordaz. Agora minha vis\u00e3o tem estado voltada mais para o entorno, a ironia abrandou e a mordacidade desapareceu. E isso, entendo hoje como crescimento pessoal.&nbsp;<\/p>\n\n\n\n<p>O processo \u00e9 di\u00e1rio. H\u00e1 que se vencer o desafio para capturar inspira\u00e7\u00e3o, sentir prazer quando a ca\u00e7a \u00e9 apreendida, frustra\u00e7\u00e3o quando n\u00e3o. E a melhor recompensa \u00e9, por meio de uma manifesta\u00e7\u00e3o art\u00edstica, poder participar com dignidade da vida.<\/p>\n\n\n\n<p>Um fator que deve ser considerado \u00e9 que na atualidade a realidade est\u00e1 substancialmente virtualizada. A mocidade de hoje n\u00e3o encontra dificuldade nessa situa\u00e7\u00e3o. Para a pessoa idosa, pode ser um problema lidar com essa inexor\u00e1vel e avassaladora internetiza\u00e7\u00e3o.&nbsp;<\/p>\n\n\n\n<p>Ao entrar no mundo da escrita, em particular no caso da poesia, participar de saraus, grupos de poesia, feiras e bienais liter\u00e1rios ajuda a encontrar novas amizades, fortalecer la\u00e7os sociais, enfim, proporcionar uma maior conviv\u00eancia social e abrir portas para novas oportunidades e viv\u00eancias. Entre os grupos de poesia existentes, fa\u00e7o parte da equipe de poetas do portal Fazia Poesia, no Medium.<\/p>\n\n\n\n<p>Aos companheiros e companheiras dessa fase da vida, se forem escritores e quiserem come\u00e7ar a escrever poesia na terceira idade com vera vontade, n\u00e3o esperem pela quarta, v\u00e3o logo em frente. Mas n\u00e3o leiam bula de rem\u00e9dio apenas como bula.&nbsp;Sabendo bulir com a bula pode eboluir algum poeminha. A ordem \u00e9 botar a cuca pra ebulir. Aos que n\u00e3o forem escritores, sempre \u00e9 tempo de come\u00e7ar.&nbsp;<\/p>\n\n\n\n<p><\/p>\n","protected":false},"excerpt":{"rendered":"<p>Cr\u00e9dito: divulga\u00e7\u00e3o &#8220;A poesia pode servir de ferramenta cultural para ressignificar mem\u00f3rias e experi\u00eancias. Mem\u00f3rias s\u00e3o as lembran\u00e7as dos acontecimentos&hellip;<\/p>\n","protected":false},"author":1,"featured_media":267,"comment_status":"open","ping_status":"open","sticky":false,"template":"","format":"standard","meta":{"footnotes":""},"categories":[9],"tags":[],"class_list":["post-265","post","type-post","status-publish","format-standard","has-post-thumbnail","hentry","category-opiniao"],"_links":{"self":[{"href":"https:\/\/queridabh.com.br\/index.php\/wp-json\/wp\/v2\/posts\/265","targetHints":{"allow":["GET"]}}],"collection":[{"href":"https:\/\/queridabh.com.br\/index.php\/wp-json\/wp\/v2\/posts"}],"about":[{"href":"https:\/\/queridabh.com.br\/index.php\/wp-json\/wp\/v2\/types\/post"}],"author":[{"embeddable":true,"href":"https:\/\/queridabh.com.br\/index.php\/wp-json\/wp\/v2\/users\/1"}],"replies":[{"embeddable":true,"href":"https:\/\/queridabh.com.br\/index.php\/wp-json\/wp\/v2\/comments?post=265"}],"version-history":[{"count":1,"href":"https:\/\/queridabh.com.br\/index.php\/wp-json\/wp\/v2\/posts\/265\/revisions"}],"predecessor-version":[{"id":268,"href":"https:\/\/queridabh.com.br\/index.php\/wp-json\/wp\/v2\/posts\/265\/revisions\/268"}],"wp:featuredmedia":[{"embeddable":true,"href":"https:\/\/queridabh.com.br\/index.php\/wp-json\/wp\/v2\/media\/267"}],"wp:attachment":[{"href":"https:\/\/queridabh.com.br\/index.php\/wp-json\/wp\/v2\/media?parent=265"}],"wp:term":[{"taxonomy":"category","embeddable":true,"href":"https:\/\/queridabh.com.br\/index.php\/wp-json\/wp\/v2\/categories?post=265"},{"taxonomy":"post_tag","embeddable":true,"href":"https:\/\/queridabh.com.br\/index.php\/wp-json\/wp\/v2\/tags?post=265"}],"curies":[{"name":"wp","href":"https:\/\/api.w.org\/{rel}","templated":true}]}}