{"id":287,"date":"2025-05-29T14:05:32","date_gmt":"2025-05-29T17:05:32","guid":{"rendered":"https:\/\/queridabh.com.br\/?p=287"},"modified":"2025-05-29T14:05:32","modified_gmt":"2025-05-29T17:05:32","slug":"justica-condena-homem-por-carcere-privado","status":"publish","type":"post","link":"https:\/\/queridabh.com.br\/index.php\/2025\/05\/29\/justica-condena-homem-por-carcere-privado\/","title":{"rendered":"Justi\u00e7a condena homem por c\u00e1rcere privado\u00a0"},"content":{"rendered":"\n<p>Cr\u00e9dito: Edilson Rodrigues \/ Ag\u00eancia Senado<\/p>\n\n\n\n<p>Se as provas reunidas demonstram, sem d\u00favida, que o agente privou de liberdade a v\u00edtima, sua companheira \u00e0 \u00e9poca, e amea\u00e7ou causar-lhe mal injusto e grave, ele deve ser condenado pelo crime previsto no art. 148, \u00a71\u00ba, do C\u00f3digo Penal.<\/p>\n\n\n\n<p>Com esse entendimento, a desembargadora M\u00f4nica Arag\u00e3o Martiniano, da 9\u00aa C\u00e2mara Criminal do Tribunal de Justi\u00e7a de Minas Gerais (TJMG), rejeitou recurso do agressor e o condenou por ter mantido a ex-companheira em c\u00e1rcere privado por 40 minutos e a amea\u00e7ado de morte. As desembargadoras K\u00e1rin Emmerich e Maria das Gra\u00e7as Rocha Santos seguiram o voto da relatora.<\/p>\n\n\n\n<p>O r\u00e9u foi condenado a um ano de reclus\u00e3o pelo crime de les\u00e3o corporal; a dois meses e 15 dias de deten\u00e7\u00e3o pelo crime de amea\u00e7a; e a dois anos e oito meses de reclus\u00e3o pelo crime de c\u00e1rcere privado. A decis\u00e3o mant\u00e9m senten\u00e7a de comarca no Noroeste de Minas.<\/p>\n\n\n\n<p>Segundo a den\u00fancia do Minist\u00e9rio P\u00fablico de Minas Gerais (MPMG), o casal, que viveu em uni\u00e3o est\u00e1vel por 10 meses, teve uma discuss\u00e3o, motivada por ci\u00fame. Num dado momento, o homem tentou enforcar a v\u00edtima, que chegou a perder a consci\u00eancia.<\/p>\n\n\n\n<p>Quando ela voltou a si, chamou o pai do ent\u00e3o companheiro, que se fez presente para tentar acalm\u00e1-lo. Entretanto, ap\u00f3s o sogro ter ido embora, o agressor ficou furioso. Portanto uma faca, ele segurou a companheira e a arrastou at\u00e9 o quarto, dizendo que iria mat\u00e1-la e atentaria contra a vida de quem tentasse impedi-lo.<\/p>\n\n\n\n<p>A v\u00edtima conseguiu acalm\u00e1-lo e, ap\u00f3s abrir a porta do quarto, saiu de casa e chamou a pol\u00edcia. Os policiais a encontraram com ferimentos no pesco\u00e7o e detiveram o agressor.<\/p>\n\n\n\n<p>O processo tramita em segredo de Justi\u00e7a.<\/p>\n\n\n\n<p><\/p>\n","protected":false},"excerpt":{"rendered":"<p>Cr\u00e9dito: Edilson Rodrigues \/ Ag\u00eancia Senado Se as provas reunidas demonstram, sem d\u00favida, que o agente privou de liberdade a&hellip;<\/p>\n","protected":false},"author":1,"featured_media":288,"comment_status":"open","ping_status":"open","sticky":false,"template":"","format":"standard","meta":{"footnotes":""},"categories":[3,2],"tags":[],"class_list":["post-287","post","type-post","status-publish","format-standard","has-post-thumbnail","hentry","category-geral","category-noticias"],"_links":{"self":[{"href":"https:\/\/queridabh.com.br\/index.php\/wp-json\/wp\/v2\/posts\/287","targetHints":{"allow":["GET"]}}],"collection":[{"href":"https:\/\/queridabh.com.br\/index.php\/wp-json\/wp\/v2\/posts"}],"about":[{"href":"https:\/\/queridabh.com.br\/index.php\/wp-json\/wp\/v2\/types\/post"}],"author":[{"embeddable":true,"href":"https:\/\/queridabh.com.br\/index.php\/wp-json\/wp\/v2\/users\/1"}],"replies":[{"embeddable":true,"href":"https:\/\/queridabh.com.br\/index.php\/wp-json\/wp\/v2\/comments?post=287"}],"version-history":[{"count":1,"href":"https:\/\/queridabh.com.br\/index.php\/wp-json\/wp\/v2\/posts\/287\/revisions"}],"predecessor-version":[{"id":289,"href":"https:\/\/queridabh.com.br\/index.php\/wp-json\/wp\/v2\/posts\/287\/revisions\/289"}],"wp:featuredmedia":[{"embeddable":true,"href":"https:\/\/queridabh.com.br\/index.php\/wp-json\/wp\/v2\/media\/288"}],"wp:attachment":[{"href":"https:\/\/queridabh.com.br\/index.php\/wp-json\/wp\/v2\/media?parent=287"}],"wp:term":[{"taxonomy":"category","embeddable":true,"href":"https:\/\/queridabh.com.br\/index.php\/wp-json\/wp\/v2\/categories?post=287"},{"taxonomy":"post_tag","embeddable":true,"href":"https:\/\/queridabh.com.br\/index.php\/wp-json\/wp\/v2\/tags?post=287"}],"curies":[{"name":"wp","href":"https:\/\/api.w.org\/{rel}","templated":true}]}}