{"id":293,"date":"2025-05-29T14:10:49","date_gmt":"2025-05-29T17:10:49","guid":{"rendered":"https:\/\/queridabh.com.br\/?p=293"},"modified":"2025-05-29T14:10:49","modified_gmt":"2025-05-29T17:10:49","slug":"onca-parda-e-encontrada-no-parque-estadual-da-serra-do-rola-moca-na-grande-bh","status":"publish","type":"post","link":"https:\/\/queridabh.com.br\/index.php\/2025\/05\/29\/onca-parda-e-encontrada-no-parque-estadual-da-serra-do-rola-moca-na-grande-bh\/","title":{"rendered":"On\u00e7a-parda \u00e9 encontrada no Parque Estadual da Serra do Rola-Mo\u00e7a, na Grande BH"},"content":{"rendered":"\n<p><em>Cr\u00e9dito: IEF \/ Divulga\u00e7\u00e3o<\/em><\/p>\n\n\n\n<p>Animal estava em regi\u00e3o pr\u00f3xima ao Viaduto da Mutuca, recebeu coleira de rastreamento e foi devolvido \u00e0 natureza<\/p>\n\n\n\n<p>Uma on\u00e7a-parda (Puma concolor) foi localizada nesta quarta-feira (28\/5) no Parque Estadual da Serra do Rola-Mo\u00e7a, localizado na por\u00e7\u00e3o Sul da Regi\u00e3o Metropolitana de Belo Horizonte (RMBH).<\/p>\n\n\n\n<p>O animal foi capturado na regi\u00e3o conhecida como Mutuquinha, pr\u00f3xima ao Viaduto da Mutuca, recebeu uma coleira de monitoramento e foi imediatamente devolvido ao seu habitat natural. A tecnologia permitir\u00e1 o acompanhamento da movimenta\u00e7\u00e3o da esp\u00e9cie dentro e no entorno da unidade de conserva\u00e7\u00e3o.<\/p>\n\n\n\n<p>De acordo com Henri Dubois Collet, gestor do parque administrado pelo Instituto Estadual de Florestas (IEF), o animal j\u00e1 vinha sendo monitorado pela equipe t\u00e9cnica. \u201cTrata-se de um exemplar jovem, possivelmente um filhote\u201d, explica.<\/p>\n\n\n\n<p>A presen\u00e7a da on\u00e7a-parda refor\u00e7a a import\u00e2ncia da \u00c1rea de Prote\u00e7\u00e3o Ambiental (APA) Sul, que abriga diversas unidades de conserva\u00e7\u00e3o de prote\u00e7\u00e3o integral. \u201cJ\u00e1 monitoramos uma jaguatirica na Esta\u00e7\u00e3o Ecol\u00f3gica de Fechos, al\u00e9m de tr\u00eas lobos-guar\u00e1 na \u00e1rea do Parque Estadual da Serra do Rola-Mo\u00e7a\u201d, destaca Collet.<\/p>\n\n\n\n<p>A instala\u00e7\u00e3o de coleiras de rastreamento em mam\u00edferos carn\u00edvoros \u00e9 uma das condicionantes do licenciamento ambiental concedido \u00e0 empresa Vallourec Minera\u00e7\u00e3o, com recomenda\u00e7\u00e3o do Instituto Brasileiro do Meio Ambiente e dos Recursos Naturais Renov\u00e1veis (Ibama). O monitoramento inclui tamb\u00e9m outras esp\u00e9cies como o lobo-guar\u00e1 (Chrysocyon brachyurus) e o gato-do-mato (Leopardus guttulus).<\/p>\n\n\n\n<p>\u201c\u00c9 um indicativo de que a unidade de conserva\u00e7\u00e3o est\u00e1 cumprindo seu papel de prote\u00e7\u00e3o \u00e0 biodiversidade\u201d, observa Henri Collet. \u201cA presen\u00e7a de grandes predadores, que est\u00e3o no topo da cadeia alimentar, \u00e9 um sinal da sa\u00fade ecol\u00f3gica do ambiente\u201d, conclui.<\/p>\n\n\n\n<p>Planejamento e conserva\u00e7\u00e3o da fauna<\/p>\n\n\n\n<p>Est\u00e1 em planejamento um workshop que reunir\u00e1 representantes de institui\u00e7\u00f5es p\u00fablicas, setor privado e especialistas para discutir estrat\u00e9gias de preserva\u00e7\u00e3o da fauna na APA Sul. O evento, intitulado \u201cEcologia do movimento do lobo-guar\u00e1 na regi\u00e3o do vetor sul da RMBH e suas implica\u00e7\u00f5es para o planejamento territorial sustent\u00e1vel no entorno da BR-040\u201d, ser\u00e1 promovido por um grupo de trabalho interinstitucional.<\/p>\n\n\n\n<p>Fazem parte desse grupo representantes do IEF, Ibama, Funda\u00e7\u00e3o Estadual do Meio Ambiente (Feam), da empresa Prime Projetos e Solu\u00e7\u00f5es Ambientais e da Vallourec Minera\u00e7\u00e3o. O objetivo \u00e9 definir o conte\u00fado program\u00e1tico, os objetivos pr\u00e1ticos do workshop, os participantes estrat\u00e9gicos e os detalhes log\u00edsticos, como data e local.<\/p>\n\n\n\n<p>\u201cO monitoramento de esp\u00e9cies silvestres trar\u00e1 subs\u00eddios t\u00e9cnicos importantes para o aprimoramento das pol\u00edticas p\u00fablicas de prote\u00e7\u00e3o \u00e0 fauna\u201d, afirma o diretor-geral do IEF, Breno Lasmar.<\/p>\n\n\n\n<p>Conte\u00fado Agencia Minas<\/p>\n\n\n\n<p><\/p>\n","protected":false},"excerpt":{"rendered":"<p>Cr\u00e9dito: IEF \/ Divulga\u00e7\u00e3o Animal estava em regi\u00e3o pr\u00f3xima ao Viaduto da Mutuca, recebeu coleira de rastreamento e foi devolvido&hellip;<\/p>\n","protected":false},"author":1,"featured_media":294,"comment_status":"open","ping_status":"open","sticky":false,"template":"","format":"standard","meta":{"footnotes":""},"categories":[3,2],"tags":[],"class_list":["post-293","post","type-post","status-publish","format-standard","has-post-thumbnail","hentry","category-geral","category-noticias"],"_links":{"self":[{"href":"https:\/\/queridabh.com.br\/index.php\/wp-json\/wp\/v2\/posts\/293","targetHints":{"allow":["GET"]}}],"collection":[{"href":"https:\/\/queridabh.com.br\/index.php\/wp-json\/wp\/v2\/posts"}],"about":[{"href":"https:\/\/queridabh.com.br\/index.php\/wp-json\/wp\/v2\/types\/post"}],"author":[{"embeddable":true,"href":"https:\/\/queridabh.com.br\/index.php\/wp-json\/wp\/v2\/users\/1"}],"replies":[{"embeddable":true,"href":"https:\/\/queridabh.com.br\/index.php\/wp-json\/wp\/v2\/comments?post=293"}],"version-history":[{"count":1,"href":"https:\/\/queridabh.com.br\/index.php\/wp-json\/wp\/v2\/posts\/293\/revisions"}],"predecessor-version":[{"id":295,"href":"https:\/\/queridabh.com.br\/index.php\/wp-json\/wp\/v2\/posts\/293\/revisions\/295"}],"wp:featuredmedia":[{"embeddable":true,"href":"https:\/\/queridabh.com.br\/index.php\/wp-json\/wp\/v2\/media\/294"}],"wp:attachment":[{"href":"https:\/\/queridabh.com.br\/index.php\/wp-json\/wp\/v2\/media?parent=293"}],"wp:term":[{"taxonomy":"category","embeddable":true,"href":"https:\/\/queridabh.com.br\/index.php\/wp-json\/wp\/v2\/categories?post=293"},{"taxonomy":"post_tag","embeddable":true,"href":"https:\/\/queridabh.com.br\/index.php\/wp-json\/wp\/v2\/tags?post=293"}],"curies":[{"name":"wp","href":"https:\/\/api.w.org\/{rel}","templated":true}]}}