{"id":297,"date":"2025-05-31T14:12:06","date_gmt":"2025-05-31T17:12:06","guid":{"rendered":"https:\/\/queridabh.com.br\/?p=297"},"modified":"2025-05-29T14:13:33","modified_gmt":"2025-05-29T17:13:33","slug":"consumo-de-fumo-sobe-10-no-brasil","status":"publish","type":"post","link":"https:\/\/queridabh.com.br\/index.php\/2025\/05\/31\/consumo-de-fumo-sobe-10-no-brasil\/","title":{"rendered":"Consumo de fumo sobe 10% no Brasil"},"content":{"rendered":"\n<p>Cr\u00e9dito: banco de dados do Canva<br>Neste s\u00e1bado (31) \u00e9 lembrado o \u201cDia Mundial sem Tabaco\u201d, criado em 1987 pela Organiza\u00e7\u00e3o Mundial da Sa\u00fade (OMS) para alertar sobre os s\u00e9rios riscos relacionados ao tabagismo. Quase quatro d\u00e9cadas depois dessa iniciativa, o cen\u00e1rio ainda \u00e9 alarmante.<\/p>\n\n\n\n<p>Dados do IPC Maps, especializado em potencial de consumo, apontam que at\u00e9 o final deste ano, os brasileiros gastar\u00e3o cerca de R$ 32,1 bilh\u00f5es com produtos derivados ou relacionados ao tabaco. Segundo Marcos Pazzini, respons\u00e1vel pelo IPC Maps, esse valor representa uma alta de 10% em rela\u00e7\u00e3o \u00e0s despesas no ano passado, quando o setor movimentou R$ 29,2 bilh\u00f5es. \u201cInfelizmente, isso \u00e9 um sintoma de que o v\u00edcio e o prazer superam qualquer adversidade\u201d, considera Pazzini.<\/p>\n\n\n\n<p>S\u00f3 no Estado de S\u00e3o Paulo, as despesas com fumo somam R$ 10,9 bilh\u00f5es, seguido pelo Rio de Janeiro, com quase R$ 3 bilh\u00f5es. Por\u00e9m foi o Maranh\u00e3o que, na compara\u00e7\u00e3o 2025\u00d72024, contabilizou a maior alta \u2014 de 26,3% \u2014 nos desembolsos do setor, respondendo pela circula\u00e7\u00e3o de R$ 300 milh\u00f5es.<\/p>\n\n\n\n<p>Neste c\u00e1lculo, s\u00e3o levadas em conta as despesas com cigarros, charutos, fumo para cachimbo, fumo para cigarros e outros artigos para fumantes, como f\u00f3sforos, isqueiros etc.<\/p>\n\n\n\n<p><\/p>\n","protected":false},"excerpt":{"rendered":"<p>Cr\u00e9dito: banco de dados do CanvaNeste s\u00e1bado (31) \u00e9 lembrado o \u201cDia Mundial sem Tabaco\u201d, criado em 1987 pela Organiza\u00e7\u00e3o&hellip;<\/p>\n","protected":false},"author":1,"featured_media":298,"comment_status":"open","ping_status":"open","sticky":false,"template":"","format":"standard","meta":{"footnotes":""},"categories":[3,2],"tags":[],"class_list":["post-297","post","type-post","status-publish","format-standard","has-post-thumbnail","hentry","category-geral","category-noticias"],"_links":{"self":[{"href":"https:\/\/queridabh.com.br\/index.php\/wp-json\/wp\/v2\/posts\/297","targetHints":{"allow":["GET"]}}],"collection":[{"href":"https:\/\/queridabh.com.br\/index.php\/wp-json\/wp\/v2\/posts"}],"about":[{"href":"https:\/\/queridabh.com.br\/index.php\/wp-json\/wp\/v2\/types\/post"}],"author":[{"embeddable":true,"href":"https:\/\/queridabh.com.br\/index.php\/wp-json\/wp\/v2\/users\/1"}],"replies":[{"embeddable":true,"href":"https:\/\/queridabh.com.br\/index.php\/wp-json\/wp\/v2\/comments?post=297"}],"version-history":[{"count":1,"href":"https:\/\/queridabh.com.br\/index.php\/wp-json\/wp\/v2\/posts\/297\/revisions"}],"predecessor-version":[{"id":299,"href":"https:\/\/queridabh.com.br\/index.php\/wp-json\/wp\/v2\/posts\/297\/revisions\/299"}],"wp:featuredmedia":[{"embeddable":true,"href":"https:\/\/queridabh.com.br\/index.php\/wp-json\/wp\/v2\/media\/298"}],"wp:attachment":[{"href":"https:\/\/queridabh.com.br\/index.php\/wp-json\/wp\/v2\/media?parent=297"}],"wp:term":[{"taxonomy":"category","embeddable":true,"href":"https:\/\/queridabh.com.br\/index.php\/wp-json\/wp\/v2\/categories?post=297"},{"taxonomy":"post_tag","embeddable":true,"href":"https:\/\/queridabh.com.br\/index.php\/wp-json\/wp\/v2\/tags?post=297"}],"curies":[{"name":"wp","href":"https:\/\/api.w.org\/{rel}","templated":true}]}}