{"id":300,"date":"2025-06-05T14:13:50","date_gmt":"2025-06-05T17:13:50","guid":{"rendered":"https:\/\/queridabh.com.br\/?p=300"},"modified":"2025-05-29T14:16:17","modified_gmt":"2025-05-29T17:16:17","slug":"7a-edicao-do-tradicional-festival-doces-minas-de-sao-lourenco-ja-tem-data-marcada","status":"publish","type":"post","link":"https:\/\/queridabh.com.br\/index.php\/2025\/06\/05\/7a-edicao-do-tradicional-festival-doces-minas-de-sao-lourenco-ja-tem-data-marcada\/","title":{"rendered":"7\u00aa edi\u00e7\u00e3o do tradicional Festival Doces Minas de S\u00e3o Louren\u00e7o j\u00e1 tem data marcada"},"content":{"rendered":"\n<p><em>Festival Mineiro de Doces est\u00e1 de volta a S\u00e3o Louren\u00e7o com v\u00e1rias novidades&nbsp;<\/em><\/p>\n\n\n\n<p>A cidade de S\u00e3o Louren\u00e7o est\u00e1 em contagem regressiva para a 7\u00aa edi\u00e7\u00e3o do tradicional &#8220;Doces Minas \u2013 Festival Mineiro de Doces&#8221;, que ocorrer\u00e1 entre os dias 19 e 22 de junho, durante o feriad\u00e3o de Corpus Christi. O evento, gratuito e aberto ao p\u00fablico, promete ser um verdadeiro banquete de sabores, celebrando a rica tradi\u00e7\u00e3o doceira de Minas Gerais e atraindo visitantes de todas as partes do estado. \u00c9 uma oportunidade \u00fanica de experimentar e aprender sobre as iguarias que fazem parte da cultura mineira.<\/p>\n\n\n\n<p>O evento ser\u00e1 realizado em um ponto estrat\u00e9gico, o Cal\u00e7ad\u00e3o II, pr\u00f3ximo ao Parque das \u00c1guas de S\u00e3o Louren\u00e7o. Lado a lado ao Festival Doces Minas, acontecer\u00e1 a Festa das Institui\u00e7\u00f5es, evento que celebra a diversidade e a riqueza cultural das institui\u00e7\u00f5es locais, promovendo a integra\u00e7\u00e3o, solidariedade e colabora\u00e7\u00e3o comunit\u00e1ria. Ela acontece no estacionamento do Parque das Aguas, com shows musicais.<\/p>\n\n\n\n<p>Durante os quatro dias de festividades, os visitantes poder\u00e3o explorar estandes com uma diversidade de del\u00edcias mineiras, participando de degusta\u00e7\u00f5es de doces cl\u00e1ssicos como doce de leite, compotas e goiabadas. Al\u00e9m disso, a programa\u00e7\u00e3o repleta de aulas gastron\u00f4micas contar\u00e1 com chefs, doceiros e quitandeiras que compartilhar\u00e3o receitas que passam de gera\u00e7\u00e3o em gera\u00e7\u00e3o, enriquecendo o conhecimento sobre a culin\u00e1ria mineira.<\/p>\n\n\n\n<p>Moradores e visitantes ter\u00e3o a chance de aprender e degustar receitas deliciosas nas aulas de culin\u00e1ria ou participar da prosa na beira do tacho de cobre, vivenciando a produ\u00e7\u00e3o de doces artesanais.&nbsp; Estandes de doces estar\u00e3o dispon\u00edveis durante todo o evento, como no primeiro dia, 19 de junho, destacando-se o &#8216;Momento Quitandas de Minas&#8217; \u00e0s 17h30 no Cal\u00e7ad\u00e3o II, com a aula inaugural do festival ministrada pela chef Raquel Oliveira. \u00c0 noite, \u00e0s 20h, o Estacionamento do Parque das \u00c1guas receber\u00e1 o show com a dupla sertaneja Bruno e Wellington.&nbsp;<\/p>\n\n\n\n<p>No dia 20 de junho, as atividades continuam com estandes de doces abertos o dia inteiro. A partir das 16h, o &#8216;Momento Do\u00e7aria Mineira na Beira do Tacho&#8217; trar\u00e1 o doceiro Gl\u00e1ucio Peron e sua &#8220;tachada da mineiridade&#8221;, que junto a chef Raquel Oliveira compartilham com os presentes uma din\u00e2mica de produ\u00e7\u00e3o de doces e intera\u00e7\u00e3o com os convidados. \u00c0s 20h, a Orquestra de Violeiros se apresentar\u00e1, tamb\u00e9m no Estacionamento do Parque das \u00c1guas.<\/p>\n\n\n\n<p>A programa\u00e7\u00e3o do dia 21 de junho come\u00e7a cedo com estandes abertos e, \u00e0s 16h, mais uma sess\u00e3o do &#8216;Momento Do\u00e7aria Mineira&#8217;, com Raquel Oliveira. \u00c0s 17h30, a chef e professora Rosilene Campolina apresenta o &#8216;Tenta\u00e7\u00e3o Mineira banoffee&#8217;, uma combina\u00e7\u00e3o sofisticada de ingredientes que promete deliciar os participantes. O dia se encerra com um show de Johny Vianna \u00e0s 20h no Estacionamento do Parque das \u00c1guas.<\/p>\n\n\n\n<p>No \u00faltimo dia, 22 de junho, os estandes continuam ativos pela manh\u00e3, com um especial &#8216;Momento da Crian\u00e7ada&#8217; \u00e0s 10h, proporcionando uma aula de culin\u00e1ria voltada para crian\u00e7as.<\/p>\n\n\n\n<p>O festival d\u00e1 aten\u00e7\u00e3o especial \u00e0s novas tend\u00eancias, oferecendo produtos org\u00e2nicos, zero a\u00e7\u00facar, isentos de gl\u00faten, sem lactose e voltados para o p\u00fablico fitness, como pa\u00e7ocas com Whey Protein.&nbsp;<\/p>\n\n\n\n<p>A 7\u00aa edi\u00e7\u00e3o do tradicional &#8220;Doces Minas \u2013 Festival Mineiro de Doces&#8221; \u00e9 apresentada por Vilela Campos, com patroc\u00ednio da Artec Log\u00edstica e Transportes e Raimax Internet. \u00c9 realizada pelo S\u00e3o Louren\u00e7o Convention &amp; Visitors Bureau (SLC&amp;VB) em parceria com a Prefeitura Municipal de S\u00e3o Louren\u00e7o e com apoio de Latic\u00ednios Miramar.<\/p>\n\n\n\n<p>A 7\u00aa edi\u00e7\u00e3o do tradicional &#8220;Doces Minas \u2013 Festival Mineiro de Doces&#8221; \u00e9 apresentada por Vilela Campos, com patroc\u00ednio da Artec Log\u00edstica e Transportes e Raimax Internet, com apoio de Latic\u00ednios Miramar. \u00c9 uma realiza\u00e7\u00e3o do S\u00e3o Louren\u00e7o Convention &amp; Visitors Bureau (SLC&amp;VB) em parceria com as Secretarias de Turismo e de Cultura e Patrim\u00f4nio\/Prefeitura Municipal de S\u00e3o Louren\u00e7o.<\/p>\n\n\n\n<p><strong>Estandes<\/strong><\/p>\n\n\n\n<p>Al\u00e9m das atra\u00e7\u00f5es culturais e gastron\u00f4micas, o festival disponibiliza estandes para aqueles que desejam comercializar doces e outros produtos artesanais durante o evento. Para mais informa\u00e7\u00f5es, os interessados podem entrar em contato com o Convention &amp; Visitors Bureau pelo n\u00famero 35-98856-0035. Interessados tamb\u00e9m podem se tornar patrocinadores do evento.<\/p>\n\n\n\n<p>&#8220;S\u00e3o Louren\u00e7o \u00e9 conhecido como um ber\u00e7o de deliciosos doces, e o festival j\u00e1 se tornou parte essencial do calend\u00e1rio da cidade, atraindo turistas de todo o Brasil. Estamos muito animados para esta 7\u00aa edi\u00e7\u00e3o, que com certeza ir\u00e1 enriquecer ainda mais a hist\u00f3ria da nossa cultura doceira&#8221;, afirma Gustavo Henrique Passarelli, presidente do Convention e Visitor Bureau de S\u00e3o Louren\u00e7o.<\/p>\n\n\n\n<p><strong>PROGRAMA\u00c7\u00c3O<\/strong><\/p>\n\n\n\n<p><strong>19 de junho &#8211; quinta-feira<\/strong><\/p>\n\n\n\n<p><strong>Durante todo o dia:&nbsp;<\/strong>Estantes de doces, comes e bebes<\/p>\n\n\n\n<p><strong>17h30<\/strong>: Momento Quitandas de Minas (Cal\u00e7ad\u00e3o II) &#8211; aula inaugural do festival com a chef Raquel Oliveira<\/p>\n\n\n\n<p><strong>20h:&nbsp;<\/strong>Show da dupla Bruno e Welington (Estacionamento do Parque das \u00c1guas)<\/p>\n\n\n\n<p><strong>20 de junho &#8211; sexta-feira<\/strong><\/p>\n\n\n\n<p><strong>Durante todo o dia:&nbsp;<\/strong>Estantes de doces, comes e bebes<\/p>\n\n\n\n<p><strong>16h &#8211;<\/strong>&nbsp;Momento Do\u00e7aria Mineira na Beira do Tacho (Cal\u00e7ad\u00e3o II) &#8211; Doceiro Gl\u00e1ucio Peron\/chef Raquel Oliveira &#8211; produ\u00e7\u00e3o de doces com um dedo de prosa com os convidados<\/p>\n\n\n\n<p><strong>20h<\/strong>&nbsp;&#8211; Show com Orquestra de Violeiros (Estacionamento do Parque das \u00c1guas)&nbsp;&nbsp;<\/p>\n\n\n\n<p><strong>21 de junho &#8211; s\u00e1bado<\/strong><\/p>\n\n\n\n<p><strong>Durante todo o dia:&nbsp;<\/strong>Estantes de doces, comes e bebes<\/p>\n\n\n\n<p><strong>16h &#8211; Momento Do\u00e7aria Mineira, com Raquel Oliveira<\/strong><\/p>\n\n\n\n<p><strong>17h30 &#8211;&nbsp;<\/strong>Momento Do\u00e7aria Mineira (Cal\u00e7ad\u00e3o II) com a Chef e professora Rosilene Campolina &#8211; produ\u00e7\u00e3o do doce Tenta\u00e7\u00e3o Mineira b\u00e3onoffee &#8211; bananas flambadas na cacha\u00e7a com doce de leite e caf\u00e9, finalizada com crocante de biscoito, cacau em p\u00f3 e creme de requeij\u00e3o com cumaru<\/p>\n\n\n\n<p><strong>20h<\/strong>&nbsp;&#8211; Show com Johny Vianna (Estacionamento do Parque das \u00c1guas)&nbsp;&nbsp;<\/p>\n\n\n\n<p><strong>22\/06 Domingo<\/strong><\/p>\n\n\n\n<p><strong>Durante a manh\u00e3:&nbsp;<\/strong>Estantes de doces, comes e bebes<\/p>\n\n\n\n<p>10h &#8211; Momento da Crian\u00e7ada &#8211; aula de culin\u00e1ria para crian\u00e7as<\/p>\n\n\n\n<p>16h &#8211; Show com a Banda Os Mineirin (Estacionamento do Parque das \u00c1guas)<\/p>\n\n\n\n<p><\/p>\n","protected":false},"excerpt":{"rendered":"<p>Festival Mineiro de Doces est\u00e1 de volta a S\u00e3o Louren\u00e7o com v\u00e1rias novidades&nbsp; A cidade de S\u00e3o Louren\u00e7o est\u00e1 em&hellip;<\/p>\n","protected":false},"author":1,"featured_media":301,"comment_status":"open","ping_status":"open","sticky":false,"template":"","format":"standard","meta":{"footnotes":""},"categories":[14,2],"tags":[],"class_list":["post-300","post","type-post","status-publish","format-standard","has-post-thumbnail","hentry","category-gastro","category-noticias"],"_links":{"self":[{"href":"https:\/\/queridabh.com.br\/index.php\/wp-json\/wp\/v2\/posts\/300","targetHints":{"allow":["GET"]}}],"collection":[{"href":"https:\/\/queridabh.com.br\/index.php\/wp-json\/wp\/v2\/posts"}],"about":[{"href":"https:\/\/queridabh.com.br\/index.php\/wp-json\/wp\/v2\/types\/post"}],"author":[{"embeddable":true,"href":"https:\/\/queridabh.com.br\/index.php\/wp-json\/wp\/v2\/users\/1"}],"replies":[{"embeddable":true,"href":"https:\/\/queridabh.com.br\/index.php\/wp-json\/wp\/v2\/comments?post=300"}],"version-history":[{"count":1,"href":"https:\/\/queridabh.com.br\/index.php\/wp-json\/wp\/v2\/posts\/300\/revisions"}],"predecessor-version":[{"id":302,"href":"https:\/\/queridabh.com.br\/index.php\/wp-json\/wp\/v2\/posts\/300\/revisions\/302"}],"wp:featuredmedia":[{"embeddable":true,"href":"https:\/\/queridabh.com.br\/index.php\/wp-json\/wp\/v2\/media\/301"}],"wp:attachment":[{"href":"https:\/\/queridabh.com.br\/index.php\/wp-json\/wp\/v2\/media?parent=300"}],"wp:term":[{"taxonomy":"category","embeddable":true,"href":"https:\/\/queridabh.com.br\/index.php\/wp-json\/wp\/v2\/categories?post=300"},{"taxonomy":"post_tag","embeddable":true,"href":"https:\/\/queridabh.com.br\/index.php\/wp-json\/wp\/v2\/tags?post=300"}],"curies":[{"name":"wp","href":"https:\/\/api.w.org\/{rel}","templated":true}]}}