{"id":303,"date":"2025-06-02T14:16:33","date_gmt":"2025-06-02T17:16:33","guid":{"rendered":"https:\/\/queridabh.com.br\/?p=303"},"modified":"2025-05-29T14:33:20","modified_gmt":"2025-05-29T17:33:20","slug":"sedentarismo-cognitivo-um-inimigo-silencioso-da-qualidade-de-vida","status":"publish","type":"post","link":"https:\/\/queridabh.com.br\/index.php\/2025\/06\/02\/sedentarismo-cognitivo-um-inimigo-silencioso-da-qualidade-de-vida\/","title":{"rendered":"Sedentarismo cognitivo: um inimigo silencioso da qualidade de vida"},"content":{"rendered":"\n<p><em>Cr\u00e9dito: divulga\u00e7\u00e3o<\/em><\/p>\n\n\n\n<p>Vivemos em uma era de avan\u00e7os tecnol\u00f3gicos e automatiza\u00e7\u00e3o que, apesar de in\u00fameros benef\u00edcios, t\u00eam contribu\u00eddo para o surgimento de um novo tipo de sedentarismo: o cognitivo. Diferente do sedentarismo f\u00edsico, que se caracteriza pela falta de atividade corporal, o sedentarismo cognitivo diz respeito \u00e0 escassez de est\u00edmulos mentais e \u00e0 redu\u00e7\u00e3o das atividades que desafiam o c\u00e9rebro. Esse fen\u00f4meno, cada vez mais comum, afeta diretamente a qualidade de vida, interferindo no desempenho acad\u00eamico, profissional e nas habilidades sociais.<\/p>\n\n\n\n<p>Em um mundo em que somos constantemente bombardeados por informa\u00e7\u00f5es prontas e respostas autom\u00e1ticas, o c\u00e9rebro deixa de ser desafiado, o que contribui significativamente para esse estado de passividade cognitiva. O c\u00e9rebro humano, assim como o corpo, precisa de est\u00edmulos constantes para se manter ativo e saud\u00e1vel. Quando n\u00e3o exercitado, h\u00e1 uma tend\u00eancia natural \u00e0 perda de fun\u00e7\u00f5es cognitivas, como mem\u00f3ria, aten\u00e7\u00e3o, racioc\u00ednio l\u00f3gico e criatividade. Essa inatividade cerebral pode desencadear ou agravar quadros de ansiedade, estresse, depress\u00e3o e, a longo prazo, aumentar os riscos de doen\u00e7as neurodegenerativas, como o Alzheimer.<\/p>\n\n\n\n<p>O sedentarismo cognitivo \u00e9 caracterizado pela aus\u00eancia ou diminui\u00e7\u00e3o significativa de atividades que estimulam o c\u00e9rebro, como leitura, resolu\u00e7\u00e3o de problemas, aprendizado de novas habilidades e intera\u00e7\u00f5es sociais. Esse conceito, sedentarismo cognitivo, ganhou for\u00e7a a partir da d\u00e9cada de 2000, quando pesquisadores come\u00e7aram a relacionar a \u201cinatividade mental\u201d com o decl\u00ednio cognitivo e com as doen\u00e7as neurodegenerativas. A express\u00e3o \u201ccognitive inactivity\u201d ou \u201ccognitive sedentary lifestyle\u201d j\u00e1 era usada em publica\u00e7\u00f5es cient\u00edficas para descrever esse fen\u00f4meno, mas a tradu\u00e7\u00e3o e populariza\u00e7\u00e3o do termo \u201csedentarismo cognitivo\u201d no Brasil ocorreu nos \u00faltimos anos, acompanhando o crescimento das discuss\u00f5es sobre sa\u00fade mental e envelhecimento.<\/p>\n\n\n\n<p>Vale ressaltar que a sa\u00fade cognitiva \u00e9 um dos pilares para uma vida longa, funcional e plena. Sendo assim, o sedentarismo cognitivo compromete a qualidade de vida ao afetar diretamente a sa\u00fade do c\u00e9rebro e das emo\u00e7\u00f5es. Vejamos alguns impactos negativos a seguir: Redu\u00e7\u00e3o da neuroplasticidade: A neuroplasticidade \u00e9 a capacidade do c\u00e9rebro de formar e reorganizar conex\u00f5es sin\u00e1pticas, especialmente em resposta ao aprendizado e \u00e0 experi\u00eancia. A falta de est\u00edmulo cognitivo compromete esse processo, o que pode levar a um decl\u00ednio mais r\u00e1pido de fun\u00e7\u00f5es mentais. Segundo Draganski et al. (2006), o aprendizado de novas habilidades est\u00e1 associado ao aumento de massa cinzenta em \u00e1reas espec\u00edficas do c\u00e9rebro. A aus\u00eancia desse tipo de est\u00edmulo leva \u00e0 atrofia neuronal progressiva; Aumento do risco de doen\u00e7as neurodegenerativas: Estudos mostram que o sedentarismo cognitivo est\u00e1 associado a maior risco de desenvolvimento de doen\u00e7as como Alzheimer, dem\u00eancia e comprometimento cognitivo leve. Um estudo publicado por Stern (2002) no Journal of Clinical and Experimental Neuropsychology sugere que atividades cognitivas regulares promovem uma \u201creserva cognitiva\u201d que protege o c\u00e9rebro contra os efeitos da degenera\u00e7\u00e3o; Comprometimento da mem\u00f3ria e aten\u00e7\u00e3o: A inatividade mental reduz a efici\u00eancia de circuitos neurais envolvidos em mem\u00f3ria de trabalho, aten\u00e7\u00e3o seletiva e fun\u00e7\u00f5es executivas \u2014 habilidades cruciais para o desempenho acad\u00eamico e profissional. Pesquisas de Diamond (2013), publicadas em Annual Review of Psychology, mostram que fun\u00e7\u00f5es executivas s\u00e3o altamente trein\u00e1veis, mas tamb\u00e9m sens\u00edveis \u00e0 aus\u00eancia de uso.<\/p>\n\n\n\n<p>Diante desse cen\u00e1rio, a estimula\u00e7\u00e3o cognitiva surge como uma estrat\u00e9gia eficaz para combater o sedentarismo mental. Por meio de atividades que envolvem desafios intelectuais, resolu\u00e7\u00e3o de problemas, memoriza\u00e7\u00e3o, leitura, jogos de racioc\u00ednio e novas aprendizagens, \u00e9 poss\u00edvel fortalecer as conex\u00f5es neurais e promover a neuroplasticidade \u2014 a capacidade do c\u00e9rebro de se adaptar e se reorganizar.<\/p>\n\n\n\n<p>Programas especializados oferecem uma metodologia estruturada que pode ser aplicada em todas as idades, beneficiando tanto o desenvolvimento cognitivo de crian\u00e7as quanto a manuten\u00e7\u00e3o da sa\u00fade mental de adultos e idosos. Esses programas auxiliam na redu\u00e7\u00e3o do sedentarismo cognitivo, nos impactos que a presen\u00e7a da tecnologia em nossas vidas. Devemos, assim, reconhecer o sedentarismo cognitivo como uma condi\u00e7\u00e3o prejudicial ao bem-estar e \u00e0 produtividade das pessoas para que possamos incorporar atividades de est\u00edmulo intelectual \u00e0 rotina di\u00e1ria. Afinal, um c\u00e9rebro ativo \u00e9 essencial para uma vida equilibrada, saud\u00e1vel e com mais autonomia. Combater o sedentarismo mental \u00e9, acima de tudo, investir em qualidade de vida.<\/p>\n\n\n\n<p>Erica Oliveira, gestora pedag\u00f3gica e franqueada do Supera (Gin\u00e1stica para o C\u00e9rebro)<\/p>\n\n\n\n<p>Refer\u00eancia: Different domains of sedentary behavior \u2013 ScienceDirect, Preventive Medicine<\/p>\n\n\n\n<p><\/p>\n","protected":false},"excerpt":{"rendered":"<p>Cr\u00e9dito: divulga\u00e7\u00e3o Vivemos em uma era de avan\u00e7os tecnol\u00f3gicos e automatiza\u00e7\u00e3o que, apesar de in\u00fameros benef\u00edcios, t\u00eam contribu\u00eddo para o&hellip;<\/p>\n","protected":false},"author":1,"featured_media":304,"comment_status":"open","ping_status":"open","sticky":false,"template":"","format":"standard","meta":{"footnotes":""},"categories":[9],"tags":[],"class_list":["post-303","post","type-post","status-publish","format-standard","has-post-thumbnail","hentry","category-opiniao"],"_links":{"self":[{"href":"https:\/\/queridabh.com.br\/index.php\/wp-json\/wp\/v2\/posts\/303","targetHints":{"allow":["GET"]}}],"collection":[{"href":"https:\/\/queridabh.com.br\/index.php\/wp-json\/wp\/v2\/posts"}],"about":[{"href":"https:\/\/queridabh.com.br\/index.php\/wp-json\/wp\/v2\/types\/post"}],"author":[{"embeddable":true,"href":"https:\/\/queridabh.com.br\/index.php\/wp-json\/wp\/v2\/users\/1"}],"replies":[{"embeddable":true,"href":"https:\/\/queridabh.com.br\/index.php\/wp-json\/wp\/v2\/comments?post=303"}],"version-history":[{"count":1,"href":"https:\/\/queridabh.com.br\/index.php\/wp-json\/wp\/v2\/posts\/303\/revisions"}],"predecessor-version":[{"id":305,"href":"https:\/\/queridabh.com.br\/index.php\/wp-json\/wp\/v2\/posts\/303\/revisions\/305"}],"wp:featuredmedia":[{"embeddable":true,"href":"https:\/\/queridabh.com.br\/index.php\/wp-json\/wp\/v2\/media\/304"}],"wp:attachment":[{"href":"https:\/\/queridabh.com.br\/index.php\/wp-json\/wp\/v2\/media?parent=303"}],"wp:term":[{"taxonomy":"category","embeddable":true,"href":"https:\/\/queridabh.com.br\/index.php\/wp-json\/wp\/v2\/categories?post=303"},{"taxonomy":"post_tag","embeddable":true,"href":"https:\/\/queridabh.com.br\/index.php\/wp-json\/wp\/v2\/tags?post=303"}],"curies":[{"name":"wp","href":"https:\/\/api.w.org\/{rel}","templated":true}]}}