{"id":309,"date":"2025-06-03T14:35:56","date_gmt":"2025-06-03T17:35:56","guid":{"rendered":"https:\/\/queridabh.com.br\/?p=309"},"modified":"2025-05-29T14:38:50","modified_gmt":"2025-05-29T17:38:50","slug":"vem-ai-sons-da-cidade-5a-mostra-internacional-de-violao","status":"publish","type":"post","link":"https:\/\/queridabh.com.br\/index.php\/2025\/06\/03\/vem-ai-sons-da-cidade-5a-mostra-internacional-de-violao\/","title":{"rendered":"Vem a\u00ed \u201cSons da Cidade\u201d \u2013 5\u00aa Mostra Internacional de Viol\u00e3o"},"content":{"rendered":"\n<p><\/p>\n\n\n\n<p>De 4 a 7 de junho, quarta a s\u00e1bado , o Conservat\u00f3rio de M\u00fasica da UFMG (Centro) ser\u00e1 palco do \u201cSons da Cidade\u201d \u2013 5\u00aa Mostra Internacional de Viol\u00e3o de Belo Horizonte . Com curadoria do gestor cultural Fernando Chagas e do m\u00fasico Carlos Walter, a mostra traz programa\u00e7\u00e3o gratuita e diversificada composta por recitais, rodas de conversa, exibi\u00e7\u00e3o de document\u00e1rio, exposi\u00e7\u00e3o fotogr\u00e1fica, concurso para jovens violonistas, lan\u00e7amento de livro, e encontros regados a muito afeto e caf\u00e9. A programa\u00e7\u00e3o \u00e9 toda gratuita com retirada gratuita de ingressos 30 minutos antes do primeiro recital de cada noite na bilheteria do Conservat\u00f3rio. Para as masterclasses, \u00e9 necess\u00e1ria inscri\u00e7\u00e3o neste Link . +Informa\u00e7\u00f5es. sobre a Mostra Sons da Cidade: www.sonsdacidade.com \/ Instagram: @mostrasonsdacidade .<\/p>\n\n\n\n<p>A abertura, na quarta-feira, 04.05 , conta com os recitais dos m\u00fasicos Alexandre Gismonti (BH, Brasil) \u2013 com obras de seu pai Egberto e de seu bisav\u00f4 Ant\u00f4nio \u2013 e do Grupo GELA (Guitarras Experimentais Latino-Americanas) \u2013 dos veteranos Eduardo Campolina, Renato Mendes, Sebasti\u00e1n Barroso e S\u00e9rgio Freire. O coletivo experimental participa ainda de uma roda de conversa ao lado do instrumentista e compositor mineiro Thiago Delegado (BH, Brasil) . Tamb\u00e9m est\u00e1 prevista a apresenta\u00e7\u00e3o da exposi\u00e7\u00e3o fotogr\u00e1fica Sons da Cidade, que celebra a trajet\u00f3ria da Mostra, desde a sua cria\u00e7\u00e3o, h\u00e1 seis anos.<\/p>\n\n\n\n<p>Este evento tem o apoio do Instituto Cultural Abrapalavra e \u00e9 realizado com recursos da Lei Municipal de Incentivo \u00e0 Cultura de Belo Horizonte.<\/p>\n\n\n\n<p>\u201cNossa proposta sempre foi valorizar a riqueza do viol\u00e3o em suas m\u00faltiplas vertentes, que vai desde a tradi\u00e7\u00e3o cl\u00e1ssica at\u00e9 a m\u00fasica instrumental contempor\u00e2nea e popular. Alguns artistas convidados apresentam suas pr\u00f3prias composi\u00e7\u00f5es em performances \u00fanicas, no palco, enquanto outros v\u00e3o pe\u00e7as ic\u00f4nicas do viol\u00e3o brasileiro e internacional\u201d, adianta o idealizador da Mostra, Fernando Chagas<\/p>\n\n\n\n<p>Chagas, que tamb\u00e9m assina a curadoria ao lado do m\u00fasico Carlos Walter, lembra que o primeiro show Internacional de viol\u00e3o, em 2019, tamb\u00e9m foi realizado no Conservat\u00f3rio da UFMG. \u201cO \u2018Sons da Cidade\u2019 surge do desejo de ser um espa\u00e7o dedicado exclusivamente ao viol\u00e3o. Minas Gerais tem uma forte tradi\u00e7\u00e3o violon\u00edstica, seja pelos grandes nomes do Clube da Esquina ou pela atua\u00e7\u00e3o de diversos luthiers e violonistas reconhecidos internacionalmente. A escolha se deu pelo seu valor simb\u00f3lico e hist\u00f3rico: ele transita entre o erudito e o popular, al\u00e9m de fazer parte da forma\u00e7\u00e3o musical de muitos artistas.\u201d, contextualiza.<\/p>\n\n\n\n<p>Al\u00e9m de bambas e expoentes de viol\u00e3o nacional e internacional, o palco do Conservat\u00f3rio tamb\u00e9m recebe artistas escolhidos do Concurso Jovens Violonistas , que selecionam a cada Mostra, novos talentos para integrar a programa\u00e7\u00e3o oficial da Mostra. \u201cTodo ano realizamos o concurso como forma de criar um espa\u00e7o de proje\u00e7\u00e3o para m\u00fasicos talentosos, em in\u00edcio de carreira, e tamb\u00e9m, de estimular a renova\u00e7\u00e3o art\u00edstica e a forma\u00e7\u00e3o de novas gera\u00e7\u00f5es de violonistas\u201d, comenta Chagas. O resultado dos selecionados est\u00e1 previsto para ser divulgado no dia 25.05.<\/p>\n\n\n\n<p>DESTAQUES DA PROGRAMA\u00c7\u00c3O<\/p>\n\n\n\n<p>Na 5\u00aa quinta edi\u00e7\u00e3o, al\u00e9m dos recitais com artistas do viol\u00e3o erudito e popular \u2013 o p\u00fablico tem acesso a rodas de conversa, exibi\u00e7\u00e3o de document\u00e1rio, lan\u00e7amentos de livro, exposi\u00e7\u00e3o de fotografia e muito mais. Abaixo, alguns destaques da programa\u00e7\u00e3o:<\/p>\n\n\n\n<p>Entre os nomes internacionais do viol\u00e3o, Victor Piseta (Argentina) apresenta tangos e pe\u00e7as folcl\u00f3ricas de seus \u00e1lbuns \u201cLa Yumba\u201d, \u201cEl d\u00eda que me quieras\u201d e \u201cUno\u201d, al\u00e9m de uma homenagem \u00e0 cultura brasileira. As mulheres tamb\u00e9m est\u00e3o representadas com presen\u00e7as confirmadas dos violonistas uruguaias Maria Haro \u2013 e sua sonoridade que vai de obras brasileiras, espanholas, latino-americanas a Bach \u2013 e Ana In\u00eas Zeballos , que tocar\u00e1, na Mostra, em parceria com o m\u00fasico Edgardo Trigo (Uruguai). O duo, intitulado \u201cLatitudes\u201d, traz obras de Satie, Baden Powell, Piazzolla e Rosauro. Viol\u00e3o e vibrafone se encontram em um recital que cruza m\u00fasica popular e erudita com sensibilidade e t\u00e9cnica.<\/p>\n\n\n\n<p>Da nova gera\u00e7\u00e3o do viol\u00e3o que vem despontando, destaque para Ana Clara Guerra (Uberl\u00e2ndia, Brasil) , que traz seu \u00e1lbum de estreia \u201cNovos Ventos\u201d (2024) com composi\u00e7\u00f5es pr\u00f3prias e obras in\u00e9ditas de nomes como Jo\u00e3o Camarero, Alessandro Penezzi e Lucas Telles.<\/p>\n\n\n\n<p>Outro expoente do viol\u00e3o contempor\u00e2neo no Brasil, o m\u00fasico, violonista e compositor carioca Alexandre Gismonti (RJ, Brasil) , radicado em BH, apresenta, na Mostra, concerto que celebra sua heran\u00e7a musical com obras de seu pai Egberto e de seu bisav\u00f4 Ant\u00f4nio, al\u00e9m de composi\u00e7\u00f5es autorais de seus \u00e1lbuns \u201cNa press\u00e3o\u201d e \u201cBai\u00e3o de domingo\u201d. Tamb\u00e9m est\u00e1 na programa\u00e7\u00e3o, o instrumentista e compositor belo-horizontino Thiago Delegado (BH, Brasil) \u2013 que se prepara para lan\u00e7ar, ainda este ano, o sexto \u00e1lbum da carreira. Refer\u00eancia no viol\u00e3o de sete cordas, Thiago mistura sonoridade simples e composi\u00e7\u00e3o sofisticada.<\/p>\n\n\n\n<p>Outro destaque \u00e9 o Grupo GELA (Guitarras Experimentais Latino-Americanas) \u2013 formado pelos m\u00fasicos pesquisadores da UFMG Eduardo Campolina, Renato Mendes, Sebasti\u00e1n Barroso e S\u00e9rgio Freire \u2013 que prop\u00f5e, dentro da sonoridade latino-americana, um repert\u00f3rio executado coletivamente, com performances experimentais e criativas.<\/p>\n\n\n\n<p>Al\u00e9m das atra\u00e7\u00f5es musicais, destaque tamb\u00e9m para a exibi\u00e7\u00e3o do document\u00e1rio \u201cViol\u00e3o-can\u00e7\u00e3o: Uma Alma Brasileira\u201d , com dire\u00e7\u00e3o de Chico Saraiva e Rose Satiko . A produ\u00e7\u00e3o investiga cria\u00e7\u00e3o art\u00edstica dos compositores e violonistas Jo\u00e3o Bosco, Marco Pereira, S\u00e9rgio Assad, Guinga, Paulo Bellinati, Paulo C\u00e9sar Pinheiro e Luiz Tatit, entremeada por can\u00e7\u00f5es cl\u00e1ssicas. Mais uma op\u00e7\u00e3o \u00e9 a palestra \/ recital com lan\u00e7amento do Livro \u201cJos\u00e9 Augusto de Freitas \u2013 biografia e \u00e1lbum de partituras \u201d, em refer\u00eancia ao grande violonista e compositor mineiro, com o autor e m\u00fasico Celso Faria.<\/p>\n\n\n\n<p>Outro ponto alto da programa\u00e7\u00e3o, que tamb\u00e9m vai propor uma viagem no tempo, \u00e9 a exposi\u00e7\u00e3o fotogr\u00e1fica \u201cSons da Cidade\u201d , que celebra a trajet\u00f3ria de quatro edi\u00e7\u00f5es da Mostra retratando a for\u00e7a de um projeto que atravessou encontros, dist\u00e2ncias e sil\u00eancios, com duas edi\u00e7\u00f5es realizadas em plena pandemia. \u201cAs imagens revelam n\u00e3o s\u00f3 a beleza da m\u00fasica e dos artistas, mas a resist\u00eancia de um show que segue vibrando, reinventando-se e conectando afetos por meio do viol\u00e3o\u201d, comenta Fernando Chagas.<\/p>\n\n\n\n<p>PROGRAMA\u00c7\u00c3O COMPLETA \u2013 SONS DA CIDADE (5\u00aa edi\u00e7\u00e3o)<\/p>\n\n\n\n<p>4 a 7 de junho, quarta a s\u00e1bado<\/p>\n\n\n\n<p>Recitais + Document\u00e1rio + Exposi\u00e7\u00e3o + Rodas de Conversa + Masterclasses<\/p>\n\n\n\n<p>Acesso gratuito a toda programa\u00e7\u00e3o<\/p>\n\n\n\n<p>Retirada de ingressos gratuitos para os recitais, 30 minutos antes, na bilheteria do Conservat\u00f3rio da UFMG<\/p>\n\n\n\n<p>+Info.: www.sonsdacidade.com \/ Instagram: @mostrasonsdacidade<\/p>\n\n\n\n<p>Inscri\u00e7\u00f5es para masterclasses \u2013 https:\/\/linktr.ee\/mostrasonsdacidade<\/p>\n\n\n\n<p>04\/06 (Quarta-feira)<\/p>\n\n\n\n<p>15h \u2013 Masterclass com Maria Haro<\/p>\n\n\n\n<p>Com uma trajet\u00f3ria dedicada \u00e0 interpreta\u00e7\u00e3o de compositores brasileiros e latino-americanos e d\u00e9cadas de atua\u00e7\u00e3o como docente na UNIRIO, Haro compartilha sua experi\u00eancia t\u00e9cnica e sens\u00edvel com violonistas e amantes do instrumento. Um encontro para explorar repert\u00f3rios, t\u00e9cnicas interpretativas e os sentidos do viol\u00e3o na cena contempor\u00e2nea.<\/p>\n\n\n\n<p>17h \u2013 Roda de conversa<\/p>\n\n\n\n<p>Viol\u00e3o: Narrativas Musicais e Express\u00e3o Pessoal<\/p>\n\n\n\n<p>Thiago Delegado (BH, Brasil)<\/p>\n\n\n\n<p>Grupo GELA (Guitarras Experimentais Latino-Americanas)<\/p>\n\n\n\n<p>18h \u2013 Exposi\u00e7\u00e3o fotogr\u00e1fica Sons da Cidade \u2013 Abertura<\/p>\n\n\n\n<p>A exposi\u00e7\u00e3o celebra a trajet\u00f3ria de 4 edi\u00e7\u00f5es da Mostra retratando a for\u00e7a de um projeto que atravessou encontros, dist\u00e2ncias e sil\u00eancios, com duas edi\u00e7\u00f5es realizadas em plena pandemia. As imagens revelam n\u00e3o s\u00f3 a beleza da m\u00fasica e dos artistas, mas a resist\u00eancia de um show que segue vibrando, reinventando-se e conectando afetos por meio do viol\u00e3o.<\/p>\n\n\n\n<p>19h \u2013 Recitais<\/p>\n\n\n\n<p>Alexandre Gismonti (BH, Brasil)<\/p>\n\n\n\n<p>Radicado em BH, o violonista e compositor carioca apresenta um concerto que celebra sua heran\u00e7a musical, com obras de seu pai Egberto e de seu bisav\u00f4 Ant\u00f4nio, al\u00e9m de composi\u00e7\u00f5es autorais de seus \u00e1lbuns \u201cNa press\u00e3o\u201d e \u201cBai\u00e3o de domingo\u201d.<\/p>\n\n\n\n<p>Grupo GELA (Guitarras Experimentais Latino-Americanas)<\/p>\n\n\n\n<p>O grupo surgiu como consequ\u00eancia do trabalho de pesquisa de quatro int\u00e9rpretes\/criadores da UFMG. Constitu\u00eddo por Eduardo Campolina, Renato Mendes, Sebasti\u00e1n Barroso e S\u00e9rgio Freire, o grupo deforma, desarma, reconfigura e recomp\u00f5e performances com o objetivo de promover perspectivas experimentais, estimulando a criatividade e o trabalho coletivo.<\/p>\n\n\n\n<p>05\/06 (Quinta-feira)<\/p>\n\n\n\n<p>17h \u2013 Roda de conversa<\/p>\n\n\n\n<p>\u201cO Viol\u00e3o Como Arquivo Sonoro: Identidade, Repert\u00f3rio e Mem\u00f3ria\u201d.<\/p>\n\n\n\n<p>Alexandre Gismonti (BH, Brasil)<\/p>\n\n\n\n<p>Maria Haro (Uruguai)<\/p>\n\n\n\n<p>18h \u2013 Lan\u00e7amento de Livro<\/p>\n\n\n\n<p>Jos\u00e9 Augusto de Freitas \u2013 biografia e \u00e1lbum de partituras.<\/p>\n\n\n\n<p>Recital\/palestra com Celso Faria sobre o lan\u00e7amento da biografia e \u00e1lbum de partituras do violonista e compositor mineiro Jos\u00e9 Augusto de Freitas (1912-1990).<\/p>\n\n\n\n<p>19h30 \u2013 Recitais<\/p>\n\n\n\n<p>Thiago Delegado (BH, Brasil)<\/p>\n\n\n\n<p>Refer\u00eancia no viol\u00e3o de sete cordas, o instrumentista e compositor mineiro mistura sonoridade simples e composi\u00e7\u00e3o sofisticada. Est\u00e1 preparando o lan\u00e7amento do sexto \u00e1lbum da carreira para 2025.<\/p>\n\n\n\n<p>Ana In\u00eas Zeballos e Edgardo Trigo (Uruguai)<\/p>\n\n\n\n<p>O duo apresenta \u201cLatitudes\u201d, com obras de Satie, Baden Powell, Piazzolla e Rosauro. Viol\u00e3o e vibrafone se encontram em um recital que cruza m\u00fasica popular e erudita com sensibilidade e t\u00e9cnica.<\/p>\n\n\n\n<p>06\/06 (Sexta-feira)<\/p>\n\n\n\n<p>15h \u2013 Caf\u00e9 com Viol\u00e3o<\/p>\n\n\n\n<p>Momento de intera\u00e7\u00e3o e conv\u00edvio. S\u00edlvio Carlos com seu viol\u00e3o de 7 cordas convida Thamiris Cunha (Clarineta) para cl\u00e1ssicos do choro e da m\u00fasica instrumental brasileira.<\/p>\n\n\n\n<p>17h \u2013 Roda de conversa<\/p>\n\n\n\n<p>Viol\u00e3o em Tr\u00e2nsito: Di\u00e1logos Entre Tradi\u00e7\u00e3o e Contemporaneidade<\/p>\n\n\n\n<p>Gustavo Souza<\/p>\n\n\n\n<p>Ana In\u00eas Zeballos e Edgardo Trigo (Uruguai)<\/p>\n\n\n\n<p>19h \u2013 Recitais<\/p>\n\n\n\n<p>Ana Clara Guerra (Uberl\u00e2ndia, Brasil)<\/p>\n\n\n\n<p>Apresenta seu \u00e1lbum de estreia \u201cNovos Ventos\u201d (2024) com composi\u00e7\u00f5es pr\u00f3prias e obras in\u00e9ditas de nomes como Jo\u00e3o Camarero, Alessandro Penezzi e Lucas Telles.<\/p>\n\n\n\n<p>Victor Piseta (Argentina)<\/p>\n\n\n\n<p>Apresenta tangos e pe\u00e7as folcl\u00f3ricas de seus \u00e1lbuns \u201cLa Yumba\u201d, \u201cEl d\u00eda que me quieras\u201d e \u201cUno\u201d, al\u00e9m de uma homenagem \u00e0 cultura brasileira.<\/p>\n\n\n\n<p>07\/06 (S\u00e1bado)<\/p>\n\n\n\n<p>15h \u2013 Exibi\u00e7\u00e3o do Document\u00e1rio<\/p>\n\n\n\n<p>\u201cViol\u00e3o-can\u00e7\u00e3o: Uma Alma Brasileira\u201d, dire\u00e7\u00e3o: Chico Saraiva.<\/p>\n\n\n\n<p>Document\u00e1rio acompanhado de apresenta\u00e7\u00e3o musical, com um mergulho po\u00e9tico nas cordas e nas palavras.<\/p>\n\n\n\n<p>17h \u2013 Roda de conversa<\/p>\n\n\n\n<p>Di\u00e1logos Entre Gera\u00e7\u00f5es: A Tradi\u00e7\u00e3o e a Inova\u00e7\u00e3o no Viol\u00e3o<\/p>\n\n\n\n<p>Ana Clara Guerra (Uberl\u00e2ndia, Brasil)<\/p>\n\n\n\n<p>Victor Piseta (Argentina)<\/p>\n\n\n\n<p>19h \u2013 Recitais<\/p>\n\n\n\n<p>Gustavo Souza \u2013 Composi\u00e7\u00f5es brasileiras e arranjos afetivos que atravessam choro, frevo, samba, valsa e can\u00e7\u00e3o.<\/p>\n\n\n\n<p>Maria Haro (Uruguai) \u2013 Obras brasileiras, espanholas, latino-americanas e a Chaconne de Bach no arranjo de Andr\u00e9s Segovia.<\/p>\n\n\n\n<p><\/p>\n","protected":false},"excerpt":{"rendered":"<p>De 4 a 7 de junho, quarta a s\u00e1bado , o Conservat\u00f3rio de M\u00fasica da UFMG (Centro) ser\u00e1 palco do&hellip;<\/p>\n","protected":false},"author":1,"featured_media":310,"comment_status":"open","ping_status":"open","sticky":false,"template":"","format":"standard","meta":{"footnotes":""},"categories":[10],"tags":[],"class_list":["post-309","post","type-post","status-publish","format-standard","has-post-thumbnail","hentry","category-o-que-fazer-em-bh"],"_links":{"self":[{"href":"https:\/\/queridabh.com.br\/index.php\/wp-json\/wp\/v2\/posts\/309","targetHints":{"allow":["GET"]}}],"collection":[{"href":"https:\/\/queridabh.com.br\/index.php\/wp-json\/wp\/v2\/posts"}],"about":[{"href":"https:\/\/queridabh.com.br\/index.php\/wp-json\/wp\/v2\/types\/post"}],"author":[{"embeddable":true,"href":"https:\/\/queridabh.com.br\/index.php\/wp-json\/wp\/v2\/users\/1"}],"replies":[{"embeddable":true,"href":"https:\/\/queridabh.com.br\/index.php\/wp-json\/wp\/v2\/comments?post=309"}],"version-history":[{"count":1,"href":"https:\/\/queridabh.com.br\/index.php\/wp-json\/wp\/v2\/posts\/309\/revisions"}],"predecessor-version":[{"id":311,"href":"https:\/\/queridabh.com.br\/index.php\/wp-json\/wp\/v2\/posts\/309\/revisions\/311"}],"wp:featuredmedia":[{"embeddable":true,"href":"https:\/\/queridabh.com.br\/index.php\/wp-json\/wp\/v2\/media\/310"}],"wp:attachment":[{"href":"https:\/\/queridabh.com.br\/index.php\/wp-json\/wp\/v2\/media?parent=309"}],"wp:term":[{"taxonomy":"category","embeddable":true,"href":"https:\/\/queridabh.com.br\/index.php\/wp-json\/wp\/v2\/categories?post=309"},{"taxonomy":"post_tag","embeddable":true,"href":"https:\/\/queridabh.com.br\/index.php\/wp-json\/wp\/v2\/tags?post=309"}],"curies":[{"name":"wp","href":"https:\/\/api.w.org\/{rel}","templated":true}]}}