{"id":319,"date":"2025-06-05T09:34:03","date_gmt":"2025-06-05T12:34:03","guid":{"rendered":"https:\/\/queridabh.com.br\/?p=319"},"modified":"2025-06-05T09:34:03","modified_gmt":"2025-06-05T12:34:03","slug":"filhos-fora-do-casamento-eles-tem-os-mesmos-direitos-na-heranca","status":"publish","type":"post","link":"https:\/\/queridabh.com.br\/index.php\/2025\/06\/05\/filhos-fora-do-casamento-eles-tem-os-mesmos-direitos-na-heranca\/","title":{"rendered":"Filhos fora do casamento: eles t\u00eam os mesmos direitos na heran\u00e7a?"},"content":{"rendered":"\n<p><em>Mitos, verdades e implica\u00e7\u00f5es legais sobre a partilha entre filhos biol\u00f3gicos, do casamento e socioafetivos.<\/em><\/p>\n\n\n\n<p>&#8220;Ah, mas ele era s\u00f3 um filho fora do casamento&#8230;&#8221;<\/p>\n\n\n\n<p>Essa frase, infelizmente, ainda ecoa em muitos processos de partilha de bens. E o que deveria ser um ato de justi\u00e7a, dividir igualmente a heran\u00e7a entre os filhos, muitas vezes vira palco de preconceitos, disputas emocionais e mitos jur\u00eddicos que n\u00e3o encontram respaldo na lei.<\/p>\n\n\n\n<p>Mas afinal, os filhos fora do casamento t\u00eam os mesmos direitos dos filhos do casamento? E os filhos socioafetivos, que n\u00e3o t\u00eam la\u00e7o biol\u00f3gico, mas foram criados como parte da fam\u00edlia, entram na partilha? A resposta, com base no que diz a legisla\u00e7\u00e3o brasileira e as decis\u00f5es recentes da Justi\u00e7a, pode surpreender quem ainda acredita que existe hierarquia entre filhos quando o assunto \u00e9 heran\u00e7a.<\/p>\n\n\n\n<p><strong>O que diz a lei: filhos s\u00e3o filhos. Ponto.<\/strong><\/p>\n\n\n\n<p>Desde a promulga\u00e7\u00e3o da Constitui\u00e7\u00e3o de 1988, todos os filhos passaram a ter os mesmos direitos, independente de serem havidos dentro ou fora do casamento. Isso inclui filhos biol\u00f3gicos, adotivos e, em muitos casos, filhos reconhecidos judicialmente como socioafetivos.<\/p>\n\n\n\n<p>Na pr\u00e1tica, isso significa que nenhum filho pode ser discriminado no momento da divis\u00e3o de bens, e essa \u00e9 uma prote\u00e7\u00e3o constitucional, ou seja, superior at\u00e9 mesmo ao C\u00f3digo Civil ou a qualquer disposi\u00e7\u00e3o testament\u00e1ria que tente contrariar esse princ\u00edpio.<\/p>\n\n\n\n<p>&#8220;O v\u00ednculo de sangue deixou de ser o \u00fanico elemento para definir filia\u00e7\u00e3o. O afeto, o reconhecimento p\u00fablico e a conviv\u00eancia tamb\u00e9m podem gerar direitos, inclusive sucess\u00f3rios&#8221;, explica o advogado especialista em Direito de Fam\u00edlia e Sucess\u00f5es, Dr. Issei Yuki.<\/p>\n\n\n\n<p><strong>Filhos socioafetivos: o afeto tamb\u00e9m herda?<\/strong><\/p>\n\n\n\n<p>Sim, desde que haja reconhecimento legal ou judicial da filia\u00e7\u00e3o socioafetiva. O Supremo Tribunal Federal j\u00e1 reconheceu, em decis\u00f5es emblem\u00e1ticas, que o filho socioafetivo tem o mesmo direito \u00e0 heran\u00e7a que o filho biol\u00f3gico ou adotivo, quando comprovado o v\u00ednculo afetivo e o exerc\u00edcio das fun\u00e7\u00f5es parentais, como cuidados, cria\u00e7\u00e3o, presen\u00e7a ativa na vida da crian\u00e7a ou adolescente.<\/p>\n\n\n\n<p>No entanto, o reconhecimento dessa filia\u00e7\u00e3o exige provas concretas, e, muitas vezes, precisa ser formalizado antes da morte do suposto pai ou m\u00e3e para evitar disputas judiciais desgastantes e demoradas.<\/p>\n\n\n\n<p><strong>E quando n\u00e3o h\u00e1 testamento? Como funciona a partilha?<\/strong><\/p>\n\n\n\n<p>Se a pessoa falecida n\u00e3o deixou testamento, aplica-se a ordem de voca\u00e7\u00e3o heredit\u00e1ria prevista no C\u00f3digo Civil. Nela, os filhos \u2014 todos, sem distin\u00e7\u00e3o \u2014 s\u00e3o os primeiros herdeiros, dividindo a heran\u00e7a em partes iguais entre si.<\/p>\n\n\n\n<p>J\u00e1 no caso de haver c\u00f4njuge ou companheiro sobrevivente, o regime de bens do casamento ou da uni\u00e3o est\u00e1vel pode alterar a forma como a heran\u00e7a ser\u00e1 dividida, mas a igualdade entre filhos permanece garantida.<\/p>\n\n\n\n<p><strong>Principais mitos que ainda confundem as fam\u00edlias<\/strong><\/p>\n\n\n\n<p><strong>&#8220;Ele n\u00e3o era registrado, ent\u00e3o n\u00e3o tem direito.&#8221;<\/strong><\/p>\n\n\n\n<p>Falso. \u00c9 poss\u00edvel obter judicialmente o reconhecimento da paternidade ou maternidade ap\u00f3s a morte, desde que existam provas materiais e testemunhais.<\/p>\n\n\n\n<p><strong>&#8220;Filho de caso extraconjugal n\u00e3o pode herdar o mesmo que os demais.&#8221;<\/strong><\/p>\n\n\n\n<p>Falso. A lei e a jurisprud\u00eancia n\u00e3o fazem distin\u00e7\u00e3o entre filhos leg\u00edtimos, ileg\u00edtimos ou adulterinos.<\/p>\n\n\n\n<p><strong>&#8220;Se ele foi criado pelo padrasto, n\u00e3o tem direito \u00e0 heran\u00e7a do pai biol\u00f3gico.&#8221;<\/strong><\/p>\n\n\n\n<p>Depende. Se houver reconhecimento da paternidade socioafetiva e nenhum v\u00ednculo jur\u00eddico com o pai biol\u00f3gico, ele pode sim herdar, mas n\u00e3o poder\u00e1 herdar de ambos, salvo exce\u00e7\u00f5es reconhecidas judicialmente.<\/p>\n\n\n\n<p><strong>O que fazer para evitar conflitos?<\/strong><\/p>\n\n\n\n<p><strong>1. Testamento claro e legal<\/strong>: embora todos os filhos tenham direito \u00e0 heran\u00e7a leg\u00edtima (50% do patrim\u00f4nio), o testamento pode ajudar a distribuir a outra metade com mais justi\u00e7a e transpar\u00eancia.<\/p>\n\n\n\n<p><strong>2. Reconhecimento de filhos socioafetivos em vida<\/strong>: por meio de a\u00e7\u00e3o judicial ou escritura p\u00fablica, evita disputas ap\u00f3s o falecimento.<\/p>\n\n\n\n<p><strong>3. Di\u00e1logo em fam\u00edlia<\/strong>: falar sobre sucess\u00e3o ainda \u00e9 um tabu, mas \u00e9 essencial para evitar que o luto seja agravado por conflitos judiciais.<\/p>\n\n\n\n<p>O advogado Issei Yuki conclui: A legisla\u00e7\u00e3o brasileira tem avan\u00e7ado para reconhecer v\u00ednculos de afeto como leg\u00edtimos, e isso inclui o direito \u00e0 heran\u00e7a. Mas ainda vivemos em uma sociedade que confunde afeto com direito, e tenta hierarquizar rela\u00e7\u00f5es familiares com base em preconceitos. A boa not\u00edcia \u00e9 que o Direito de Fam\u00edlia, com apoio de profissionais preparados, est\u00e1 cada vez mais voltado para equilibrar raz\u00e3o e sensibilidade.<\/p>\n","protected":false},"excerpt":{"rendered":"<p>Mitos, verdades e implica\u00e7\u00f5es legais sobre a partilha entre filhos biol\u00f3gicos, do casamento e socioafetivos. &#8220;Ah, mas ele era s\u00f3&hellip;<\/p>\n","protected":false},"author":1,"featured_media":320,"comment_status":"open","ping_status":"open","sticky":false,"template":"","format":"standard","meta":{"footnotes":""},"categories":[3,2],"tags":[],"class_list":["post-319","post","type-post","status-publish","format-standard","has-post-thumbnail","hentry","category-geral","category-noticias"],"_links":{"self":[{"href":"https:\/\/queridabh.com.br\/index.php\/wp-json\/wp\/v2\/posts\/319","targetHints":{"allow":["GET"]}}],"collection":[{"href":"https:\/\/queridabh.com.br\/index.php\/wp-json\/wp\/v2\/posts"}],"about":[{"href":"https:\/\/queridabh.com.br\/index.php\/wp-json\/wp\/v2\/types\/post"}],"author":[{"embeddable":true,"href":"https:\/\/queridabh.com.br\/index.php\/wp-json\/wp\/v2\/users\/1"}],"replies":[{"embeddable":true,"href":"https:\/\/queridabh.com.br\/index.php\/wp-json\/wp\/v2\/comments?post=319"}],"version-history":[{"count":1,"href":"https:\/\/queridabh.com.br\/index.php\/wp-json\/wp\/v2\/posts\/319\/revisions"}],"predecessor-version":[{"id":321,"href":"https:\/\/queridabh.com.br\/index.php\/wp-json\/wp\/v2\/posts\/319\/revisions\/321"}],"wp:featuredmedia":[{"embeddable":true,"href":"https:\/\/queridabh.com.br\/index.php\/wp-json\/wp\/v2\/media\/320"}],"wp:attachment":[{"href":"https:\/\/queridabh.com.br\/index.php\/wp-json\/wp\/v2\/media?parent=319"}],"wp:term":[{"taxonomy":"category","embeddable":true,"href":"https:\/\/queridabh.com.br\/index.php\/wp-json\/wp\/v2\/categories?post=319"},{"taxonomy":"post_tag","embeddable":true,"href":"https:\/\/queridabh.com.br\/index.php\/wp-json\/wp\/v2\/tags?post=319"}],"curies":[{"name":"wp","href":"https:\/\/api.w.org\/{rel}","templated":true}]}}