{"id":331,"date":"2025-06-09T10:15:07","date_gmt":"2025-06-09T13:15:07","guid":{"rendered":"https:\/\/queridabh.com.br\/?p=331"},"modified":"2025-06-05T10:34:43","modified_gmt":"2025-06-05T13:34:43","slug":"centros-culturais-municipais-promovem-programacao-gratuita-de-festa-junina","status":"publish","type":"post","link":"https:\/\/queridabh.com.br\/index.php\/2025\/06\/09\/centros-culturais-municipais-promovem-programacao-gratuita-de-festa-junina\/","title":{"rendered":"Centros Culturais Municipais promovem programa\u00e7\u00e3o\u00a0gratuita de festa junina"},"content":{"rendered":"\n<p class=\"has-small-font-size\"><em>Cr\u00e9dito: Tulio Fotografia<\/em><\/p>\n\n\n\n<p><em>Apresenta\u00e7\u00f5es de quadrilhas, shows, vendas de comidas t\u00edpicas e outras atra\u00e7\u00f5es\u00a0ocupam os espa\u00e7os durante todo o m\u00eas de junho.<\/em><\/p>\n\n\n\n<p>A temporada de festas juninas&nbsp;come\u00e7a&nbsp;em Belo Horizonte&nbsp;e o que n\u00e3o ir\u00e1 faltar pela cidade \u00e9 arraial para&nbsp;celebrar o S\u00e3o&nbsp;Jo\u00e3o. Cumprindo a proposta de descentraliza\u00e7\u00e3o e fortalecimento cultural nas periferias e comunidades da capital mineira, os Centros Culturais&nbsp;Municipais celebram a tradi\u00e7\u00e3o com canjica, pipoca, quent\u00e3o e com muita quadrilha. A programa\u00e7\u00e3o acontecer\u00e1 durante todo m\u00eas de junho e integra a programa\u00e7\u00e3o do Circuito Municipal de Cultura. O acesso \u00e9 gratuito, sem a necessidade de retirar ingresso. Mais informa\u00e7\u00f5es pelo site do&nbsp;<a href=\"https:\/\/portalbelohorizonte.com.br\/circuitomunicipaldecultura\" target=\"_blank\" rel=\"noreferrer noopener\">Circuito Municipal de Cultura<\/a>.<\/p>\n\n\n\n<p>O Circuito Municipal de Cultura \u00e9 realizado pela Prefeitura de Belo Horizonte, por meio da Secretaria Municipal de Cultura e da Funda\u00e7\u00e3o Municipal de Cultura, em parceria com o Instituto Odeon.<\/p>\n\n\n\n<p>A programa\u00e7\u00e3o conta com a participa\u00e7\u00e3o de 12 Centros Culturais Municipais. Apresenta\u00e7\u00f5es de quadrilhas, shows, barraquinhas com comidas t\u00edpicas e as tradicionais brincadeiras juninas est\u00e3o entre as atra\u00e7\u00f5es dos espa\u00e7os: Centro Cultural Bairro das Ind\u00fastrias, Centro Cultural Pampulha, Centro Cultural Liberalino Alves de Oliveira, Centro Cultural Venda Nova, Centro Cultural Vila Santa Rita, Centro Cultural Padre Eust\u00e1quio, Centro Cultural Vila Mar\u00e7ola, Centro Cultural Lindeia Regina, Centro Cultural Salgado Filho, Centro Cultural Urucuia, Centro Cultura S\u00e3o Bernardo e Centro Cultural Padre Eust\u00e1quio.&nbsp;<\/p>\n\n\n\n<p>O Espa\u00e7o C\u00eanico Yoshifumi Yagi \/ Teatro Raul Bel\u00e9m Machado tamb\u00e9m participa da festividade, que acontecer\u00e1 entre os dias 5 e 29 de junho. Confira a programa\u00e7\u00e3o: &nbsp;<\/p>\n\n\n\n<p><strong><u>Dia 5 de junho, quinta-feira, \u00e0s 20h<\/u><\/strong><\/p>\n\n\n\n<p><strong>Local:<\/strong>&nbsp;Espa\u00e7o C\u00eanico Yoshifumi Yagi \/ Teatro Raul Bel\u00e9m Machado&nbsp;<\/p>\n\n\n\n<p>Rua Leonil Prata, S\/N &#8211; Al\u00edpio de Melo<\/p>\n\n\n\n<p><strong>Quadrilha Junina Forr\u00f3 de Minas | Com f\u00e9, nesse S\u00e3o Jo\u00e3o eu caso &#8211;&nbsp;<\/strong>Celebra a alegria e magia do S\u00e3o Jo\u00e3o, e em 2025 levaremos a hist\u00f3ria do amor entre o casal Jo\u00e3o e Das Dores: Jo\u00e3o, um mo\u00e7o simples da capital ap\u00f3s perder a f\u00e9 na vida e de tanto sozinho caminhar, decide subir a serra em romaria, para pedir a Nossa Senhora das Dores que lhe desse uma raz\u00e3o para viver. Das Dores, mo\u00e7a humilde do interior, que tem como sonho o matrim\u00f4nio. J\u00e1 cansada de tanto pedir a Santo Ant\u00f4nio por um cas\u00f3rio, ela ouviu dizer na cidade do Serro que Nossa Senhora das Dores poderia lhe ajudar nesta busca por um amor.<\/p>\n\n\n\n<p><strong><u>Dia 7 de junho, s\u00e1bado, 14h \u00e0s 22h<\/u><\/strong><\/p>\n\n\n\n<p><strong>4\u00ba Arrai\u00e1 do Centro Cultural Bairro das Ind\u00fastrias<\/strong><\/p>\n\n\n\n<p><strong>Local:<\/strong>&nbsp;R. dos Industri\u00e1rios, 289 &#8211; Ind\u00fastrias I (Regional Barreiro)<\/p>\n\n\n\n<p>14h &#8211; Abertura<\/p>\n\n\n\n<p>14h10 &#8211; 15h40 &#8211; Brinquedos e brincadeiras da Escola Livre de Artes&nbsp;<\/p>\n\n\n\n<p>15h &#8211; Show Nolli Brothers<\/p>\n\n\n\n<p>17h &#8211; Quadrilha do Grupo Alegria de Viver<\/p>\n\n\n\n<p>19h &#8211; Quadrilha Junina Estrela Matutina<\/p>\n\n\n\n<p><strong>Quadrilha Junina Estrela Matutina &#8211;&nbsp;<\/strong>Formada por mais de 35 integrantes, a quadrilha tem o intuito de fomentar a cultura junina mineira incluindo todos sem exce\u00e7\u00e3o e perder a ess\u00eancia e a mineiridade hist\u00f3rica na cultura. A ideia \u00e9 levar alegria e muita anima\u00e7\u00e3o ao p\u00fablico com m\u00fasicas tradicionais e conhecidas nas festas juninas. \u00c9 a quadrilha mais diversa de Belo Horizonte e a 5\u00aa colocada no Arraial de Belo Horizonte 2025 no grupo de Acesso.<\/p>\n\n\n\n<p><strong><u>Dia 7 de junho, s\u00e1bado, 14h \u00e0s 20h<\/u><\/strong><\/p>\n\n\n\n<p>Arrai\u00e1 do Centro Cultural Pampulha<\/p>\n\n\n\n<p><strong>Local:<\/strong>&nbsp;R. Expedicion\u00e1rio Paulo de Souza, 185, Urca<\/p>\n\n\n\n<p>14h &#8211; Abertura<\/p>\n\n\n\n<p>14h30 &#8211; N\u00facleo Mineiro de Cultura Feij\u00e3o Queimado<\/p>\n\n\n\n<p>15h &#8211; Bal\u00e9 junino com Ballet Val Adriani<\/p>\n\n\n\n<p>15h30 &#8211; Aul\u00e3o de forr\u00f3 com alunos da Aldeia do Forr\u00f3 ao som do grupo Se Axegue<\/p>\n\n\n\n<p>16h30 &#8211; Forr\u00f3 com grupo Forr\u00f3 da Sanha&nbsp;<\/p>\n\n\n\n<p>18h &#8211; Quadrilha Junina Luar do Sert\u00e3o&nbsp;<\/p>\n\n\n\n<p>18h30 &#8211; Forr\u00f3 com Ricardo Machado e Benny sanfoneiro<\/p>\n\n\n\n<p>No in\u00edcio do show, o p\u00fablico ser\u00e1 convidado para um quadrilh\u00e3o com pessoas da comunidade, frequentadores da unidade e alunos da Aldeia do Forr\u00f3, puxado por Vitor Hugo.<\/p>\n\n\n\n<p><strong>Forr\u00f3 da Sanha &#8211;&nbsp;<\/strong>\u00c9<strong>&nbsp;<\/strong>um projeto idealizado pela cantora e compositora, Talita Sanha, cantora &nbsp;nascida \u00e0s margens do Velho Chico, mas que atua ativamente na cena do forr\u00f3 belo-horizontino, inclusive se apresentando no Circuito Junino de 2024. A cantora cresceu escutando a sanfona de seu av\u00f4 Joaquim e traz em seu show toda a for\u00e7a, beleza e representatividade do nordeste em seu canto, com um repert\u00f3rio que passa pelos grandes cl\u00e1ssicos de Luiz Gonzaga, o forr\u00f3 de pl\u00e1stico, at\u00e9 os sucessos do forr\u00f3 atual como Jo\u00e3o Gomes e Mestrinho. O show proposto se d\u00e1 no formato de trio com Talita Sanha na voz e tri\u00e2ngulo, acompanhada por Kiko da sanfona, na sanfona e Daniel Guedes na zabumba.<\/p>\n\n\n\n<p><strong>Grupo Cultural Luar do Sert\u00e3o &#8211;&nbsp;<\/strong>Localizado na regi\u00e3o metropolitana de Belo Horizonte, no bairro Mantiqueira, tem como prioridade manter viva a cultura junina mineira, fazendo com que os moradores e cooperadores da regi\u00e3o estejam juntos atrav\u00e9s da cultura.&nbsp;<\/p>\n\n\n\n<p><strong><u>Dia 13 de junho, sexta-feira, 15h \u00e0s 17h30<\/u><\/strong><\/p>\n\n\n\n<p><strong>Arrai\u00e1 do Mercadinho<\/strong><\/p>\n\n\n\n<p><strong>Realizado em parceria com a academia da Cidade Lagoinha e o CRESAN<\/strong><\/p>\n\n\n\n<p><strong>Local:<\/strong>&nbsp;Av. Ant\u00f4nio Carlos, 821 \u2013 Dentro do Mercado da Lagoinha<\/p>\n\n\n\n<p>15h &#8211; Abertura&nbsp;<\/p>\n\n\n\n<p>15h30 &#8211; Apresenta\u00e7\u00e3o do Trio Bem Te Quero<\/p>\n\n\n\n<p>17h &#8211; Apresenta\u00e7\u00e3o da quadrilha da Academia da Cidade&nbsp;<\/p>\n\n\n\n<p><strong>O Trio Bem-te-Quero<\/strong>&nbsp;&#8211; Resgata a tradi\u00e7\u00e3o do aut\u00eantico forr\u00f3 p\u00e9-de-serra, celebrando o encontro da cultura nordestina com o esp\u00edrito festivo das festas juninas mineiras. Com forma\u00e7\u00e3o cl\u00e1ssica (sanfona, zabumba e tri\u00e2ngulo), o grupo executa um repert\u00f3rio energ\u00e9tico e envolvente, que passeia pelo cancioneiro consagrado da m\u00fasica brasileira incluindo sucessos de Luiz Gonzaga, Dominguinhos, Alceu Valen\u00e7a, Geraldo Azevedo, Jackson do Pandeiro, Falamansa, Chama Chuva, entre tantos outros representantes do g\u00eanero. A apresenta\u00e7\u00e3o tamb\u00e9m busca resgatar as tradi\u00e7\u00f5es locais das quadrilhas mineiras, interagindo com o p\u00fablico por meio de dan\u00e7as e brincadeiras t\u00edpicas das festas juninas do interior do estado.<\/p>\n\n\n\n<p><strong><u>Dia 14 de junho, s\u00e1bado, 14h \u00e0s 19h<\/u><\/strong><\/p>\n\n\n\n<p><strong>Arra\u00eda do Centro Cultural Venda Nova<\/strong><\/p>\n\n\n\n<p>Comemora\u00e7\u00e3o aos 314 anos de Venda Nova<\/p>\n\n\n\n<p><strong>Local:<\/strong>&nbsp;R. Jos\u00e9 Ferreira dos Santos, 184 &#8211; Jardim dos Comerci\u00e1rios (Regional Venda Nova)<\/p>\n\n\n\n<p>14h \u00e0s 15h &#8211; M\u00fasicas juninas<\/p>\n\n\n\n<p>15h \u00e0s 16h &#8211; Apresenta\u00e7\u00e3o do grupo de dan\u00e7a Sempre Novas e da Quadrilha Junina Tra\u00e7os de Uni\u00e3o<\/p>\n\n\n\n<p>16h \u00e0s 16h30 &#8211; Quadrilha Junina Infantil Bal\u00e3o Dourado<\/p>\n\n\n\n<p>16h30 \u00e0s 17h &#8211; Apresenta\u00e7\u00e3o do grupo de dan\u00e7a Sempre Novas<\/p>\n\n\n\n<p>17h \u00e0s 18h &#8211; Aul\u00e3o de Forr\u00f3 com Marciel Bosso do grupo Arena do Forr\u00f3<\/p>\n\n\n\n<p>18h \u00e0s 18h45 &#8211; Cia de Forr\u00f3 &#8220;Meninas das Gerais&#8221;<\/p>\n\n\n\n<p><strong>Quadrilha Junina Infantil Bal\u00e3o Dourado&nbsp;<\/strong>&#8211; Uma apresenta\u00e7\u00e3o de quadrilha junina profissional infantil, onde crian\u00e7as dan\u00e7am quadrilha apresentando o tema &#8220;o boi da manta&#8221;, uma festa do boi tradicional que acontece na regi\u00e3o do bairro Conc\u00f3rdia. Sendo assim, misturamos elementos e passos tradicionais de quadrilha apresentando um tema que ensina e diverte muito. Ao final da apresenta\u00e7\u00e3o os dan\u00e7arinos convidam o p\u00fablico presente para entrar na dan\u00e7a e formar um &#8220;Quadrilh\u00e3o&#8221;.<\/p>\n\n\n\n<p><strong>Meninas das Gerais<\/strong>&nbsp;&#8211; Surgiu de uma conviv\u00eancia amig\u00e1vel das componentes, aproveitando a bagagem musical de cada uma. Tocando e cantando juntas em um grupo de dan\u00e7as folcl\u00f3ricas, aproveitaram esta experi\u00eancia e decidiram encontrar uma atividade alegre e prazerosa, iniciando assim, o grupo de forr\u00f3. A alegria \u00e9 a qualidade de vida das &#8220;Meninas&#8221;, que j\u00e1 atingiram a maturidade, exibindo muita vitalidade, entrando no embalo do forr\u00f3. No curr\u00edculo musical do grupo, predomina o g\u00eanero do forr\u00f3: de raiz, de poeira e de p\u00e9 de serra. Forr\u00f3 de raiz \u00e9 tipicamente nordestino, o forr\u00f3 de poeira tem um ritmo mais acelerado e o p\u00e9 de serra \u00e9 mais lento, mais cadenciado. O repert\u00f3rio \u00e9 variado, sendo tocadas m\u00fasicas de grupos mais antigos, indo do inesquec\u00edvel Gonzag\u00e3o ao Falamansa.<\/p>\n\n\n\n<p><strong><u>Dia 21 de junho, s\u00e1bado, 18h \u00e0s 20h30<\/u><\/strong><\/p>\n\n\n\n<p><strong>Festa Junina | Anivers\u00e1rio do Centro Cultural Vila Santa Rita<\/strong><\/p>\n\n\n\n<p><strong>Local:<\/strong>&nbsp;Rua Ana Rafael dos Santos, 149, Vila Santa Rita<\/p>\n\n\n\n<p>18h30 \u2013 Aul\u00e3o de Forr\u00f3 |<\/p>\n\n\n\n<p>19h30 \u2013 Show de forr\u00f3 &nbsp;<\/p>\n\n\n\n<p>20h30 \u2013 Quadrilha Infantil Bal\u00e3o Dourado&nbsp;<\/p>\n\n\n\n<p><strong>Quadrilha Infantil Bal\u00e3o Dourado &#8211;<\/strong>&nbsp;Uma apresenta\u00e7\u00e3o de quadrilha junina profissional infantil, onde crian\u00e7as dan\u00e7am quadrilha apresentando o tema &#8220;o boi da manta&#8221;, uma festa do boi tradicional que acontece na regi\u00e3o do bairro Conc\u00f3rdia. Sendo assim, misturamos elementos e passos tradicionais de quadrilha apresentando um tema que ensina e diverte. Ao final da apresenta\u00e7\u00e3o os dan\u00e7arinos convidam o p\u00fablico presente para entrar na dan\u00e7a e formar um &#8220;Quadrilh\u00e3o&#8221;.<\/p>\n\n\n\n<p><strong><u>Dia 26 de junho, quinta-feira, \u00e0s 14h<\/u><\/strong><\/p>\n\n\n\n<p><strong>Oficina &#8220;Adere\u00e7os para Festa Junina&#8221;, com Clarice Rena&nbsp;<\/strong><\/p>\n\n\n\n<p><strong>Local:<\/strong>&nbsp;R. Jacutinga, 550 &#8211; Padre Eust\u00e1quio&nbsp;<\/p>\n\n\n\n<p>A oficina pretende criar e executar adere\u00e7os para as vestimentas comuns nas festas juninas atrav\u00e9s da customiza\u00e7\u00e3o. Clarice Rena \u00e9 natural de Contagem, mora em Belo Horizonte desde 2006. Licenciada em Teatro pela UFMG, atua profissionalmente como professora desde 2005, como produtora, figurinista, aderecista e cen\u00f3grafa desde 2009. Fundadora do CRAVA Ateli\u00ea &#8211; Espa\u00e7o de cria\u00e7\u00e3o e de reflex\u00e3o sobre as rela\u00e7\u00f5es entre o corpo, a arte e a cidade. Trabalha tamb\u00e9m em parceria com v\u00e1rios grupos de teatro, teatro de bonecos, blocos de carnaval, m\u00fasicos, bailarinos e produtoras de audiovisual.<\/p>\n\n\n\n<p><strong><u>Dia 28 de junho, s\u00e1bado, 14h \u00e0s 18h<\/u><\/strong><\/p>\n\n\n\n<p><strong>Arrai\u00e1 do Centro Cultural Vila Mar\u00e7ola<\/strong><\/p>\n\n\n\n<p><strong>Local:<\/strong>&nbsp;R. Mangabeira da Serra, 320, Serra<\/p>\n\n\n\n<p>14h &#8211; Brincadeiras juninas<\/p>\n\n\n\n<p>15h &#8211; Karaok\u00ea cultural<\/p>\n\n\n\n<p>15h30 &#8211; Apresenta\u00e7\u00e3o do grupo de maculel\u00ea dos alunos do Projeto Fica Vivo<\/p>\n\n\n\n<p>17h &#8211; Quadrilha Estrela Matutina<\/p>\n\n\n\n<p><strong>Quadrilha Junina Estrela Matutina &#8211;&nbsp;<\/strong>Formada por mais de 35 integrantes, a quadrilha tem o intuito de fomentar a cultura junina mineira incluindo todos sem exce\u00e7\u00e3o e perder a ess\u00eancia e a mineiridade hist\u00f3rica na cultura. A ideia \u00e9 levar alegria e muita anima\u00e7\u00e3o ao p\u00fablico com m\u00fasicas tradicionais e conhecidas nas festas juninas. \u00c9 a quadrilha mais diversa de Belo Horizonte e a 5\u00aa colocada no Arraial de Belo Horizonte 2025 no grupo de Acesso.<\/p>\n\n\n\n<p><strong><u>Dia 28 de junho, s\u00e1bado, 18 \u00e0s 20h<\/u><\/strong><\/p>\n\n\n\n<p><strong>Festa Junina &nbsp;| Anivers\u00e1rio do Centro Cultural Lindeia Regina<\/strong><\/p>\n\n\n\n<p><strong>Local:<\/strong>&nbsp;Rua Aristolino Bas\u00edlio de Oliveira, 445 &#8211; Bairro Lindeia (Regional Barreiro)<\/p>\n\n\n\n<p>18h: Noite no Sert\u00e3o<\/p>\n\n\n\n<p>19h30: Quadrilha Mirim, com o grupo Mais Teatro, Mais Vida&nbsp;<\/p>\n\n\n\n<p>20h: Grupo Cultural Luar do Sert\u00e3o<\/p>\n\n\n\n<p>21h: Cirandeiras de Minas<\/p>\n\n\n\n<p><strong>Grupo Cultural Luar do Sert\u00e3o<\/strong>&nbsp;&#8211; Localizado na regi\u00e3o metropolitana, no bairro Mantiqueira, tem como prioridade manter viva a cultura junina mineira, fazendo com que transfira e inclua os moradores e cooperadores da regi\u00e3o a estarem juntos com a cultura e fazendo diferen\u00e7a na regi\u00e3o elevando a um n\u00edvel de empregos, diversidade, divers\u00e3o e oportunidades. Onde as pessoas encontram seu ref\u00fagio e podem contar umas com as outras, para se ajudarem e acolher quem mais precisar somos mais quer dan\u00e7a!<\/p>\n\n\n\n<p><strong><u>Dia 28 de junho, s\u00e1bado, 16h \u00e0s 20h<\/u><\/strong><\/p>\n\n\n\n<p><strong>Rastap\u00e9 do Centro Cultural Salgado Filho<\/strong><\/p>\n\n\n\n<p><strong>Local:<\/strong>&nbsp;R. Nova Ponte, 22, Salgado Filho<\/p>\n\n\n\n<p>16h \u2013 Rastap\u00e9 Recebe Arrai\u00e1 do Mindinho&nbsp;<\/p>\n\n\n\n<p>16h30 &#8211; Ritmos Juninos com Mindinho Bateria Mirim<\/p>\n\n\n\n<p>17h &#8211; Quadrilha Improvisada com Gleison Pereira<\/p>\n\n\n\n<p>17h30 &#8211; Apresenta\u00e7\u00e3o do Grupo de Quadrilha Sol Nascente<\/p>\n\n\n\n<p>18h \u2013 Apresenta\u00e7\u00e3o do Grupo de Quadrilha P\u00e9 de Serra<\/p>\n\n\n\n<p>18h30 &#8211; Forr\u00f3 P\u00e9 de Serra &#8211; Forr\u00f3 para todos<\/p>\n\n\n\n<p><strong>Forr\u00f3 P\u00e9 de Serra &#8211; Forr\u00f3 para todos &#8211;<\/strong>&nbsp;O aut\u00eantico forr\u00f3 p\u00e9 de serra na forma\u00e7\u00e3o original de suas ra\u00edzes que era composta por trio, Sanfona, Zabumba e Tri\u00e2ngulo, trazendo can\u00e7\u00f5es que fizeram sucessos durante v\u00e1rias gera\u00e7\u00f5es e que fizeram muitas pessoas se apaixonarem pelo ritmo e pela dan\u00e7a. Cantaremos cl\u00e1ssicos de Luiz Gonzaga, Dominguinhos, Alceu Valen\u00e7a e Outros. Teremos composi\u00e7\u00f5es pr\u00f3prias tamb\u00e9m e trazer sucessos recentes de novos m\u00fasicos do ritmo, ent\u00e3o a proposta ser\u00e1 levar, lazer, entretenimento, arte e cultura \u00e0 popula\u00e7\u00e3o mineira.<\/p>\n\n\n\n<p><strong><u>Dia 28 de junho, s\u00e1bado, 17h \u00e0s 22h<\/u><\/strong><\/p>\n\n\n\n<p><strong>Festa Junina | Anivers\u00e1rio Centro Cultural Urucuia<\/strong><\/p>\n\n\n\n<p><strong>Local:<\/strong>&nbsp;R. W3, 500, Urucuia<\/p>\n\n\n\n<p>17h &#8211; Abertura \/ Apresenta\u00e7\u00e3o de dan\u00e7a<\/p>\n\n\n\n<p>17h15 \u2013 Cirandeiras de Minas&nbsp;<\/p>\n\n\n\n<p>18h &#8211; Apresenta\u00e7\u00e3o de dan\u00e7a dos alunos da oficina de forr\u00f3&nbsp;<\/p>\n\n\n\n<p>18h15 &#8211; Apresenta\u00e7\u00e3o de m\u00fasica sertaneja, com Ronildo Jota&nbsp;<\/p>\n\n\n\n<p>19h15 &#8211; Apresenta\u00e7\u00e3o de dan\u00e7a &#8211; Daiana B e Charles&nbsp;<\/p>\n\n\n\n<p>19h30 &#8211; Quadrilha Junina Forr\u00f3 de Minas &#8211; Com f\u00e9, nesse S\u00e3o Jo\u00e3o eu caso<\/p>\n\n\n\n<p>20h15 &#8211; Trio Forr\u00f3 Guin\u00e9&nbsp;<\/p>\n\n\n\n<p>22h &#8211; Encerramento<\/p>\n\n\n\n<p><strong>Quadrilha Junina Forr\u00f3 de Minas &#8211; Com f\u00e9, nesse S\u00e3o Jo\u00e3o eu caso<\/strong>&nbsp;&#8211; Celebra a alegria e magia do S\u00e3o Jo\u00e3o, e em 2025 levar\u00e1 a hist\u00f3ria do amor entre o casal Jo\u00e3o e Das Dores, Jo\u00e3o, um mo\u00e7o simples da capital ap\u00f3s perder a f\u00e9 na vida e de tanto sozinho caminhar, decide subir a serra em romaria, para pedir a Nossa Senhora das Dores que lhe desse uma raz\u00e3o para viver. Das Dores, mo\u00e7a humilde do interior, que tem como sonho o matrim\u00f4nio. J\u00e1 cansada de tanto pedir a Santo Ant\u00f4nio por um cas\u00f3rio, ela ouviu dizer na cidade do Serro que Nossa Senhora das Dores poderia lhe ajudar nesta busca por um amor.<\/p>\n\n\n\n<p><strong>Trio Forr\u00f3 Guin\u00e9<\/strong>&nbsp;&#8211; O show \u00e9 pensado para envolver diretamente o p\u00fablico em um ambiente alegre e descontra\u00eddo, onde os participantes podem dan\u00e7ar e sentir de perto o ritmo pulsante do p\u00e9 de serra. Cada integrante do grupo traz uma extensa experi\u00eancia musical e perform\u00e1tica, acumulada em diversos palcos de Belo Horizonte e outras cidades mineiras, al\u00e9m de bagagem em ensinar e observar a dan\u00e7a, oferecendo ao show um diferencial t\u00e9cnico e cultural.<\/p>\n\n\n\n<p><strong><u>Dia 28 de junho, s\u00e1bado, 13h \u00e0s 17h<\/u><\/strong><\/p>\n\n\n\n<p><strong>Arrai\u00e1 do Centro Cultura S\u00e3o Bernardo<\/strong><\/p>\n\n\n\n<p><strong>Local:<\/strong>&nbsp;R. \u00c9dna Quintel, 320 &#8211; S\u00e3o Bernardo (Regional Norte)<\/p>\n\n\n\n<p><br>&nbsp;13h &#8211; Abertura&nbsp;<\/p>\n\n\n\n<p>14h &#8211; Forr\u00f3 moderno com Elhias Hernandes&nbsp;<\/p>\n\n\n\n<p>15:30 \u2013 Quadrilha Junina com Grupo Folcl\u00f3rico Sabg\u00ea<\/p>\n\n\n\n<p>16h10 &#8211; Apresenta\u00e7\u00e3o do coletivo Rosas do S\u00e3o Bernardo<\/p>\n\n\n\n<p>Durante todo o evento: mostra de artesanato e venda de comidas e bebidas t\u00edpicas com empreendedores da comunidade do S\u00e3o Bernardo e arredores.<\/p>\n\n\n\n<p><strong>Grupo Folcl\u00f3rico e Cultural Sang\u00ea de Mina<\/strong>s \u2013 \u00c9 uma entidade dedicada \u00e0 defesa e valoriza\u00e7\u00e3o da cultura popular, com \u00eanfase na dan\u00e7a de quadrilha junina mineira. Com mais de 11 anos de atua\u00e7\u00e3o, o grupo que \u00e9 da regional norte de Belo Horizonte, mais precisamente do Bairro Aar\u00e3o Reis, tem como miss\u00e3o resgatar tradi\u00e7\u00f5es culturais e transmitir esses conhecimentos de gera\u00e7\u00e3o a gera\u00e7\u00e3o. O grupo acredita que o amor pela cultura e pelas tradi\u00e7\u00f5es \u00e9 fundamental para a realiza\u00e7\u00e3o do seu trabalho. Em tempos de fragilidade para muitas comunidades, o Sang\u00ea de Minas busca fortalecer a identidade cultural por meio de suas atividades, levando a alegria da dan\u00e7a da quadrilha junina mineira para alegrar e proporcionar a todos que assistem, enriquecimento cultural.<\/p>\n\n\n\n<p><strong><u>Dia 29 de junho, domingo, 10h \u00e0s 15h<\/u><\/strong><\/p>\n\n\n\n<p><strong>Arrai\u00e1 do Centro Cultural Padre Eust\u00e1quio<\/strong><\/p>\n\n\n\n<p><strong>Local:<\/strong>&nbsp;R. Jacutinga, 550 &#8211; Padre Eust\u00e1quio (Regional Noroeste)<\/p>\n\n\n\n<p>10h \u00e0s 11h &#8211; Quadrilha Arraial do Kossaco<\/p>\n\n\n\n<p>11h \u00e0s 12h &#8211; P\u00e9 di chinelo&nbsp;<\/p>\n\n\n\n<p>11h \u00e0s 13h &#8211; Encontro de Brinquedos e Brincadeiras&nbsp;<\/p>\n\n\n\n<p>12h \u00e0s 13h &#8211; Estagi\u00e1rios Brass Band&nbsp;<\/p>\n\n\n\n<p>13h \u00e0s 13h30 &#8211; P\u00e9 di Chinelo&nbsp;<\/p>\n\n\n\n<p>13h30 \u00e0s 14h &#8211; Quadrilha espont\u00e2nea&nbsp;<\/p>\n\n\n\n<p>14h \u00e0s 15h &#8211; Forr\u00f3 de Malungo&nbsp;<\/p>\n\n\n\n<p>Durante todo o evento: barracas de alimenta\u00e7\u00e3o, bebidas e artesanato.<\/p>\n\n\n\n<p><strong>Quadrilha Arraial do Kossaco<\/strong>&nbsp;&#8211; Cada espet\u00e1culo tem in\u00edcio com a entrada do grupo, marcada por entusiasmo, figurinos coloridos e a sauda\u00e7\u00e3o ao p\u00fablico. Em seguida, o grupo desenvolve um enredo tem\u00e1tico, muitas vezes inspirado em hist\u00f3rias da cultura popular, personagens, mitos, lendas, ou homenagens a figuras da ancestralidade. Durante a apresenta\u00e7\u00e3o, s\u00e3o incorporados elementos t\u00edpicos como o casamento na ro\u00e7a, o baile na festa junina, al\u00e9m das figuras tradicionais da dan\u00e7a. As coreografias s\u00e3o sincronizadas, muitas vezes estilizadas com influ\u00eancias teatrais e c\u00eanicas. O figurino \u00e9 pensado para valorizar o tema do ano, com aten\u00e7\u00e3o \u00e0 est\u00e9tica, movimento e simbolismo. Ao final, a quadrilha realiza um encerramento que celebra a alegria da colheita, da uni\u00e3o e da f\u00e9, deixando uma mensagem de celebra\u00e7\u00e3o da cultura popular, da identidade e da coletividade.<\/p>\n\n\n\n<p><\/p>\n","protected":false},"excerpt":{"rendered":"<p>Cr\u00e9dito: Tulio Fotografia Apresenta\u00e7\u00f5es de quadrilhas, shows, vendas de comidas t\u00edpicas e outras atra\u00e7\u00f5es\u00a0ocupam os espa\u00e7os durante todo o m\u00eas&hellip;<\/p>\n","protected":false},"author":1,"featured_media":332,"comment_status":"open","ping_status":"open","sticky":false,"template":"","format":"standard","meta":{"footnotes":""},"categories":[2,10],"tags":[],"class_list":["post-331","post","type-post","status-publish","format-standard","has-post-thumbnail","hentry","category-noticias","category-o-que-fazer-em-bh"],"_links":{"self":[{"href":"https:\/\/queridabh.com.br\/index.php\/wp-json\/wp\/v2\/posts\/331","targetHints":{"allow":["GET"]}}],"collection":[{"href":"https:\/\/queridabh.com.br\/index.php\/wp-json\/wp\/v2\/posts"}],"about":[{"href":"https:\/\/queridabh.com.br\/index.php\/wp-json\/wp\/v2\/types\/post"}],"author":[{"embeddable":true,"href":"https:\/\/queridabh.com.br\/index.php\/wp-json\/wp\/v2\/users\/1"}],"replies":[{"embeddable":true,"href":"https:\/\/queridabh.com.br\/index.php\/wp-json\/wp\/v2\/comments?post=331"}],"version-history":[{"count":1,"href":"https:\/\/queridabh.com.br\/index.php\/wp-json\/wp\/v2\/posts\/331\/revisions"}],"predecessor-version":[{"id":333,"href":"https:\/\/queridabh.com.br\/index.php\/wp-json\/wp\/v2\/posts\/331\/revisions\/333"}],"wp:featuredmedia":[{"embeddable":true,"href":"https:\/\/queridabh.com.br\/index.php\/wp-json\/wp\/v2\/media\/332"}],"wp:attachment":[{"href":"https:\/\/queridabh.com.br\/index.php\/wp-json\/wp\/v2\/media?parent=331"}],"wp:term":[{"taxonomy":"category","embeddable":true,"href":"https:\/\/queridabh.com.br\/index.php\/wp-json\/wp\/v2\/categories?post=331"},{"taxonomy":"post_tag","embeddable":true,"href":"https:\/\/queridabh.com.br\/index.php\/wp-json\/wp\/v2\/tags?post=331"}],"curies":[{"name":"wp","href":"https:\/\/api.w.org\/{rel}","templated":true}]}}