{"id":343,"date":"2025-06-05T11:08:54","date_gmt":"2025-06-05T14:08:54","guid":{"rendered":"https:\/\/queridabh.com.br\/?p=343"},"modified":"2025-06-05T11:08:54","modified_gmt":"2025-06-05T14:08:54","slug":"festival-paraiso-gastronomico-agita-santana-do-paraiso-com-sabores-shows-e-tradicao-mineira-neste-final-de-semana","status":"publish","type":"post","link":"https:\/\/queridabh.com.br\/index.php\/2025\/06\/05\/festival-paraiso-gastronomico-agita-santana-do-paraiso-com-sabores-shows-e-tradicao-mineira-neste-final-de-semana\/","title":{"rendered":"Festival Para\u00edso Gastron\u00f4mico agita Santana do Para\u00edso com sabores, shows e tradi\u00e7\u00e3o mineira neste final de semana"},"content":{"rendered":"\n<p class=\"has-small-font-size\"><em>Cr\u00e9dito: @ricardoalves<\/em><\/p>\n\n\n\n<p><em>Evento celebra a cozinha mineira com petiscos criativos, produtos regionais, chefs convidados e m\u00fasica ao vivo na Pra\u00e7a da Matriz.<\/em><\/p>\n\n\n\n<p>Neste fim de semana, de 6 a 8 de junho, Santana do Para\u00edso se torna a capital da botecagem do Vale do A\u00e7o com o Festival Para\u00edso Gastron\u00f4mico. De sexta a domingo, a Pra\u00e7a da Matriz da cidade recebe uma extensa programa\u00e7\u00e3o para toda a fam\u00edlia, com a aut\u00eantica comida mineira, shows musicais, feira de produtos locais, cozinhas ao vivo e muito mais. Mais de dez dos principais bares paraisenses v\u00e3o levar o melhor dos seus card\u00e1pios, entre petiscos, pratos principais, lanches e doces, com op\u00e7\u00f5es para todos os gostos &#8211; inclusive vegetarianas.<\/p>\n\n\n\n<p>\u201cEm sua 4\u00aa edi\u00e7\u00e3o, o Para\u00edso Gastron\u00f4mico \u00e9 um festival j\u00e1 muito esperado pelo povo de Santana do Para\u00edso, e que, cada vez mais, atrai visitantes para a regi\u00e3o. Nosso objetivo \u00e9 justamente estimular esse turismo gastron\u00f4mico, contribuindo, assim, para o desenvolvimento do territ\u00f3rio\u201d, apresenta o realizador do evento, Jo\u00e3o Michel Ferrabbiamo.<\/p>\n\n\n\n<p>A curadoria do evento reuniu empreendedores locais conhecidos na cidade como o Bar e Restaurante Cachoeira do Para\u00edso, que vai servir seu famoso lombo ao molho de barbecue de Coca Cola, acompanhado de fritas. Entre os destaques tamb\u00e9m est\u00e3o a carne de panela com mandioca, da Barraca da IEQ; as bolinhas de til\u00e1pia e costela, da Del\u00edcias da In\u00eas; o pastel de angu e f\u00edgado com jil\u00f3, do Para\u00edso das del\u00edcias; e mais. A Esta\u00e7\u00e3o da Carne, do chef Adalberto Silva, ainda vai montar uma grande estrutura para assar churrasco, ao vivo, na pra\u00e7a, servindo tulipinhas de frango ao molho de maracuj\u00e1, costelinha de porco com barbecue, maminha com farofa, e churrasco misto com farofa agridoce. Para matar a sede, o chope geladinho das cervejarias da regi\u00e3o, Klaus e Bruder, em vers\u00f5es Pilsen e especiais. O p\u00fablico tamb\u00e9m poder\u00e1 conferir barracas de produtos locais de excel\u00eancia como cacha\u00e7a, mel, doces e artesanato.<\/p>\n\n\n\n<p>A diversidade tamb\u00e9m vai pautar as atra\u00e7\u00f5es musicais do Festival Para\u00edso Gastron\u00f4mico. Na sexta, \u00e0s 20h, o clima ser\u00e1 tomado pelo pop rock do m\u00fasico MarleyTal. Com quase 30 anos de carreira, ele \u00e9 um dos nomes mais conhecidos da m\u00fasica na regi\u00e3o, tendo participado de in\u00fameros eventos no Vale do A\u00e7o, Minas Gerais e outros estados, e promete um show animado com cl\u00e1ssicos nacionais e internacionais para todo mundo cantar junto.<\/p>\n\n\n\n<p>J\u00e1 no s\u00e1bado, quem comanda o palco principal, a partir das 21h, \u00e9 a Banda Expl\u00eandidos, com uma mistura do ritmo jamaicano Ska ao soul, rock, brasilidades e latinidades. O grupo nasceu da jun\u00e7\u00e3o de m\u00fasicos consagrados da cena do jazz belo-horizontino, e entrega um show bem dan\u00e7ante e tropical. E no domingo \u00e9 a vez da m\u00fasica brasileira, com a MPB de Vaninho Vieira, \u00e0s 14h; o Choro do Vale \u00e0s 16, com sucessos do chorinho; e, \u00e0s 20h30, o Samba de Mariana Penna para encerrar o festival com chave de ouro.<\/p>\n\n\n\n<p>A programa\u00e7\u00e3o do Para\u00edso Gastron\u00f4mico tamb\u00e9m ter\u00e1 uma Cozinha Viva do chef Lino Ramos, no s\u00e1bado \u00e0s 15h, com uma aula show de cozinha mineira. Cozinheiro, jornalista e especialista em vinhos, ele atua no fortalecimento do setor da gastronomia do estado, a partir da produ\u00e7\u00e3o de eventos e atua\u00e7\u00e3o na Frente da Gastronomia Mineira. J\u00e1 no domingo, \u00e0s 13h, \u00e9 vez da aula do mixologista L\u00e9o Gomes. Autointitulado cachaceiro com forma\u00e7\u00e3o em coquetelaria e gastronomia, ele \u00e9 um dos sommeliers de cacha\u00e7a mais reconhecidos no estado, e vai ensinar coquet\u00e9is com cacha\u00e7as e mel da regi\u00e3o.<\/p>\n\n\n\n<p>\u201cO Festival Para\u00edso Gastron\u00f4mico nasceu da vontade de celebrar o que temos de mais saboroso: nossa gente, nossa comida e nosso jeito de viver. \u00c9 uma festa feita com carinho, que movimenta Santana do Para\u00edso, estimula os empreendedores locais e convida a todos a sentirem orgulho do nosso territ\u00f3rio. Esperamos todos de bra\u00e7os abertos, para brindar juntos esse Para\u00edso que \u00e9 nosso\u201d, finaliza Jo\u00e3o Michel.<\/p>\n\n\n\n<p>O projeto \u00e9 realizado pela Associa\u00e7\u00e3o Culture-se e pelo selo Minas Criativa da Secretaria de Estado de Cultura e Turismo de Minas Gerais com recursos da Lei Paulo Gustavo do Minist\u00e9rio da Cultura. Projeto apoiado pelo Edital Doce da Repara\u00e7\u00e3o Bacia do Rio Doce, Prefeitura de Santana do Para\u00edso, Conselho Municipal de Turismo de Santana do Para\u00edso, Circuito Mata Atl\u00e2ntica e CS Net. A produ\u00e7\u00e3o \u00e9 da Clari\u00f4 e Casa Cult\/Grupo Cleyde Y\u00e1conis.<\/p>\n\n\n\n<p><strong><u>SERVI\u00c7O<\/u><\/strong><\/p>\n\n\n\n<p><strong>FESTIVAL PARA\u00cdSO GASTRON\u00d4MICO<\/strong><\/p>\n\n\n\n<p>6 a 8 de junho, na Pra\u00e7a da Matriz de Santana do Para\u00edso<\/p>\n\n\n\n<p>Sexta-feira &#8211; 19h \u00e0s 23h | S\u00e1bado &#8211; 11h \u00e0s 23h | Domingo &#8211; 11h \u00e0s 22h<\/p>\n\n\n\n<p><strong>Participantes de Gastronomia:<\/strong><\/p>\n\n\n\n<p>Bar e Restaurante Cachoeira do Para\u00edso, Barraca da IEQ, Container Foods, Cervejaria Bruder, Cervejaria Klaus, Del\u00edcias da In\u00eas, Esta\u00e7\u00e3o de Carne, Lanchonete Deus Conosco, Mig Lanches, My Sorvetes e Batats Para\u00edso, Para\u00edso das Del\u00edcias, Pastel da M\u00e1rcia.<\/p>\n\n\n\n<p><strong>Programa\u00e7\u00e3o cultural:<\/strong><\/p>\n\n\n\n<p>06\/06 &#8211; Sexta<\/p>\n\n\n\n<p>20h&nbsp; &#8211; Palco principal &#8211; MarleyTal<\/p>\n\n\n\n<p>07\/06 &#8211; S\u00e1bado<\/p>\n\n\n\n<p>15h &#8211; Aula Show\/Cozinha Viva &#8211; Lino Ramos<\/p>\n\n\n\n<p>21h &#8211; Palco principal &#8211; Banda Expl\u00eandidos<\/p>\n\n\n\n<p>08\/06&nbsp; -Domingo<\/p>\n\n\n\n<p>13h &#8211; Aula Show\/Cozinha Viva &#8211; L\u00e9o Gomes<\/p>\n\n\n\n<p>14h &#8211; Palco principal &#8211; Vaninho Vieira<\/p>\n\n\n\n<p>16h &#8211; Palco principal &#8211; Choro do Vale<\/p>\n\n\n\n<p>20h30 &#8211; Palco principal &#8211; Mariana Penna<\/p>\n","protected":false},"excerpt":{"rendered":"<p>Cr\u00e9dito: @ricardoalves Evento celebra a cozinha mineira com petiscos criativos, produtos regionais, chefs convidados e m\u00fasica ao vivo na Pra\u00e7a&hellip;<\/p>\n","protected":false},"author":1,"featured_media":344,"comment_status":"open","ping_status":"open","sticky":false,"template":"","format":"standard","meta":{"footnotes":""},"categories":[14],"tags":[],"class_list":["post-343","post","type-post","status-publish","format-standard","has-post-thumbnail","hentry","category-gastro"],"_links":{"self":[{"href":"https:\/\/queridabh.com.br\/index.php\/wp-json\/wp\/v2\/posts\/343","targetHints":{"allow":["GET"]}}],"collection":[{"href":"https:\/\/queridabh.com.br\/index.php\/wp-json\/wp\/v2\/posts"}],"about":[{"href":"https:\/\/queridabh.com.br\/index.php\/wp-json\/wp\/v2\/types\/post"}],"author":[{"embeddable":true,"href":"https:\/\/queridabh.com.br\/index.php\/wp-json\/wp\/v2\/users\/1"}],"replies":[{"embeddable":true,"href":"https:\/\/queridabh.com.br\/index.php\/wp-json\/wp\/v2\/comments?post=343"}],"version-history":[{"count":1,"href":"https:\/\/queridabh.com.br\/index.php\/wp-json\/wp\/v2\/posts\/343\/revisions"}],"predecessor-version":[{"id":345,"href":"https:\/\/queridabh.com.br\/index.php\/wp-json\/wp\/v2\/posts\/343\/revisions\/345"}],"wp:featuredmedia":[{"embeddable":true,"href":"https:\/\/queridabh.com.br\/index.php\/wp-json\/wp\/v2\/media\/344"}],"wp:attachment":[{"href":"https:\/\/queridabh.com.br\/index.php\/wp-json\/wp\/v2\/media?parent=343"}],"wp:term":[{"taxonomy":"category","embeddable":true,"href":"https:\/\/queridabh.com.br\/index.php\/wp-json\/wp\/v2\/categories?post=343"},{"taxonomy":"post_tag","embeddable":true,"href":"https:\/\/queridabh.com.br\/index.php\/wp-json\/wp\/v2\/tags?post=343"}],"curies":[{"name":"wp","href":"https:\/\/api.w.org\/{rel}","templated":true}]}}