{"id":372,"date":"2025-06-11T11:16:50","date_gmt":"2025-06-11T14:16:50","guid":{"rendered":"https:\/\/queridabh.com.br\/?p=372"},"modified":"2025-06-11T11:16:50","modified_gmt":"2025-06-11T14:16:50","slug":"reforma-tributaria-um-teste-de-maturidade-de-gestao-financeira-para-o-varejo-brasileiro","status":"publish","type":"post","link":"https:\/\/queridabh.com.br\/index.php\/2025\/06\/11\/reforma-tributaria-um-teste-de-maturidade-de-gestao-financeira-para-o-varejo-brasileiro\/","title":{"rendered":"Reforma Tribut\u00e1ria: um teste de maturidade de gest\u00e3o financeira para o varejo brasileiro"},"content":{"rendered":"\n<p class=\"has-small-font-size\"><em>Cr\u00e9dito: divulga\u00e7\u00e3o<\/em><\/p>\n\n\n\n<p><em>por * Seung Beom Kim, CFO da F360<\/em><\/p>\n\n\n\n<p>A Reforma Tribut\u00e1ria brasileira \u00e9 mais do que uma reorganiza\u00e7\u00e3o de siglas fiscais. Ela inaugura uma nova l\u00f3gica de funcionamento para o consumo, em que o improviso cont\u00e1bil e a in\u00e9rcia operacional n\u00e3o ter\u00e3o mais lugar. O que est\u00e1 em curso \u00e9 um divisor de \u00e1guas: varejistas que compreenderem a magnitude do impacto sair\u00e3o fortalecidos. Aqueles que subestimarem a transforma\u00e7\u00e3o perder\u00e3o competitividade \u2014 e r\u00e1pido.<\/p>\n\n\n\n<p>A substitui\u00e7\u00e3o de PIS, Cofins, IPI, ICMS e ISS por dois novos tributos \u2014 o Imposto sobre Bens e Servi\u00e7os (IBS) e a Contribui\u00e7\u00e3o sobre Bens e Servi\u00e7os (CBS) \u2014 promete simplifica\u00e7\u00e3o e transpar\u00eancia. Mas, na pr\u00e1tica, exige uma reconstru\u00e7\u00e3o estrutural dos modelos financeiros e operacionais do setor varejista. E isso come\u00e7a com uma mudan\u00e7a fundamental: o dinheiro que entra n\u00e3o ser\u00e1 mais seu, at\u00e9 que o fisco permita.<\/p>\n\n\n\n<p>O&nbsp;<em>split payment<\/em>&nbsp;(\u201cpagamento dividido\u201d, em tradu\u00e7\u00e3o livre) \u2014 mecanismo pelo qual o valor dos tributos ser\u00e1 automaticamente separado no ato da transa\u00e7\u00e3o e repassado diretamente ao fisco \u2014 est\u00e1 previsto como uma pe\u00e7a central da nova l\u00f3gica de arrecada\u00e7\u00e3o. O objetivo \u00e9 claro: eliminar inadimpl\u00eancia e sonega\u00e7\u00e3o, aumentar a efici\u00eancia arrecadat\u00f3ria e reduzir a complexidade do sistema atual. Mas o impacto para o varejo \u00e9 brutal. O fluxo de caixa ser\u00e1 afetado imediatamente: o valor l\u00edquido dispon\u00edvel ao lojista encolhe j\u00e1 no momento da venda. A autonomia sobre os pr\u00f3prios receb\u00edveis desaparece. Em um cen\u00e1rio de margens apertadas, isso significa repensar, urgentemente, pol\u00edticas de capital de giro, prazos de pagamento e liquidez. Efici\u00eancia, nesse contexto, n\u00e3o \u00e9 mais um diferencial \u2014 \u00e9 pr\u00e9-requisito para continuar no jogo.<\/p>\n\n\n\n<p>A transi\u00e7\u00e3o para o novo modelo ser\u00e1 longa, gradual e inst\u00e1vel. As al\u00edquotas ser\u00e3o escalonadas ao longo de anos, gerando uma sobreposi\u00e7\u00e3o de regimes que exigir\u00e1 simula\u00e7\u00f5es constantes, ajustes finos de precifica\u00e7\u00e3o e renegocia\u00e7\u00e3o com fornecedores. O fim dos incentivos fiscais estaduais tamb\u00e9m compromete estrat\u00e9gias hist\u00f3ricas de expans\u00e3o geogr\u00e1fica. A decis\u00e3o de onde abrir uma loja deixa de passar pelo mapa fiscal e passa a exigir uma leitura mais hol\u00edstica de log\u00edstica, acesso a talentos e sinergias de opera\u00e7\u00e3o.<\/p>\n\n\n\n<p><strong>Aten\u00e7\u00e3o \u00e0s armadilhas<\/strong><\/p>\n\n\n\n<p>H\u00e1 ainda uma armadilha pouco comentada: a cumulatividade tempor\u00e1ria do novo sistema. Durante a transi\u00e7\u00e3o, parte dos cr\u00e9ditos ser\u00e1 retida e devolvida em fases, o que exigir\u00e1 um novo planejamento tribut\u00e1rio para evitar perdas financeiras e antecipar oportunidades de otimiza\u00e7\u00e3o. Varejistas que n\u00e3o tiverem uma estrat\u00e9gia fiscal proativa v\u00e3o operar no escuro \u2014 e isso, num ambiente de alta concorr\u00eancia, \u00e9 quase uma senten\u00e7a de estagna\u00e7\u00e3o.<\/p>\n\n\n\n<p>Outro ponto cr\u00edtico \u00e9 a infraestrutura necess\u00e1ria para operar neste novo ambiente. A reforma exige mais do que conformidade: exige intelig\u00eancia tribut\u00e1ria integrada \u00e0 gest\u00e3o financeira. Isso implica n\u00e3o apenas investir em automa\u00e7\u00e3o fiscal e integra\u00e7\u00e3o com meios de pagamento, mas tamb\u00e9m garantir um controle efetivo sobre receitas e despesas, evitando deixar dinheiro na mesa na din\u00e2mica de apura\u00e7\u00e3o de cr\u00e9ditos e d\u00e9bitos fiscais. Em um cen\u00e1rio onde o aproveitamento eficiente dos cr\u00e9ditos ser\u00e1 decisivo para preservar margens, empresas com vis\u00e3o financeira fragmentada ou sistemas fr\u00e1geis ter\u00e3o mais dificuldade em capturar os benef\u00edcios da reforma. No varejo brasileiro, ainda marcado por baixa digitaliza\u00e7\u00e3o e processos manuais, esse salto tecnol\u00f3gico \u00e9 t\u00e3o complexo quanto inevit\u00e1vel.<\/p>\n\n\n\n<p>Mas nem tudo \u00e9 amea\u00e7a. O novo sistema traz a promessa de maior previsibilidade fiscal e uma rela\u00e7\u00e3o mais transparente entre os entes da cadeia de consumo. Com regras mais claras, o varejo pode estruturar melhor sua governan\u00e7a financeira, acelerar investimentos e planejar expans\u00e3o com base em dados consistentes \u2014 e n\u00e3o baseado em exce\u00e7\u00f5es fiscais tempor\u00e1rias.<\/p>\n\n\n\n<p>O fato \u00e9 que a Reforma Tribut\u00e1ria imp\u00f5e um novo patamar de exig\u00eancia ao setor. \u00c9, talvez, o maior teste de maturidade financeira e operacional j\u00e1 enfrentado pelo varejo brasileiro. As empresas que anteciparem os impactos, investirem em tecnologia, formarem times preparados e adotarem uma vis\u00e3o estrat\u00e9gica do tributo como componente central da gest\u00e3o ter\u00e3o uma vantagem competitiva real. O resto, infelizmente, ter\u00e1 que correr atr\u00e1s \u2014 em desvantagem.&nbsp;<\/p>\n\n\n\n<p><em>*Seung Beom Kim \u00e9 CRO da&nbsp;<\/em><a href=\"http:\/\/www.f360.com.br\/\" target=\"_blank\" rel=\"noreferrer noopener\"><em>F360<\/em><\/a><em>, onde lidera as \u00e1reas de Finan\u00e7as e Growth Marketing, promovendo a integra\u00e7\u00e3o das opera\u00e7\u00f5es comerciais e impulsionando o crescimento com foco em receita e resultados estrat\u00e9gicos. Sul-coreano radicado no Brasil, tamb\u00e9m atua como s\u00f3cio operacional da HiPartner, venture capital especializada em tecnologia para o varejo. \u00c9 formado em Administra\u00e7\u00e3o pela FGV.<\/em><\/p>\n","protected":false},"excerpt":{"rendered":"<p>Cr\u00e9dito: divulga\u00e7\u00e3o por * Seung Beom Kim, CFO da F360 A Reforma Tribut\u00e1ria brasileira \u00e9 mais do que uma reorganiza\u00e7\u00e3o&hellip;<\/p>\n","protected":false},"author":1,"featured_media":373,"comment_status":"open","ping_status":"open","sticky":false,"template":"","format":"standard","meta":{"footnotes":""},"categories":[9],"tags":[],"class_list":["post-372","post","type-post","status-publish","format-standard","has-post-thumbnail","hentry","category-opiniao"],"_links":{"self":[{"href":"https:\/\/queridabh.com.br\/index.php\/wp-json\/wp\/v2\/posts\/372","targetHints":{"allow":["GET"]}}],"collection":[{"href":"https:\/\/queridabh.com.br\/index.php\/wp-json\/wp\/v2\/posts"}],"about":[{"href":"https:\/\/queridabh.com.br\/index.php\/wp-json\/wp\/v2\/types\/post"}],"author":[{"embeddable":true,"href":"https:\/\/queridabh.com.br\/index.php\/wp-json\/wp\/v2\/users\/1"}],"replies":[{"embeddable":true,"href":"https:\/\/queridabh.com.br\/index.php\/wp-json\/wp\/v2\/comments?post=372"}],"version-history":[{"count":1,"href":"https:\/\/queridabh.com.br\/index.php\/wp-json\/wp\/v2\/posts\/372\/revisions"}],"predecessor-version":[{"id":374,"href":"https:\/\/queridabh.com.br\/index.php\/wp-json\/wp\/v2\/posts\/372\/revisions\/374"}],"wp:featuredmedia":[{"embeddable":true,"href":"https:\/\/queridabh.com.br\/index.php\/wp-json\/wp\/v2\/media\/373"}],"wp:attachment":[{"href":"https:\/\/queridabh.com.br\/index.php\/wp-json\/wp\/v2\/media?parent=372"}],"wp:term":[{"taxonomy":"category","embeddable":true,"href":"https:\/\/queridabh.com.br\/index.php\/wp-json\/wp\/v2\/categories?post=372"},{"taxonomy":"post_tag","embeddable":true,"href":"https:\/\/queridabh.com.br\/index.php\/wp-json\/wp\/v2\/tags?post=372"}],"curies":[{"name":"wp","href":"https:\/\/api.w.org\/{rel}","templated":true}]}}