{"id":39,"date":"2025-04-17T10:25:46","date_gmt":"2025-04-17T13:25:46","guid":{"rendered":"https:\/\/queridabh.com.br\/?p=39"},"modified":"2025-04-17T10:25:46","modified_gmt":"2025-04-17T13:25:46","slug":"mrv-aproveita-bom-momento-do-minha-casa-minha-vida-e-oferece-oportunidades-em-seu-novo-feirao","status":"publish","type":"post","link":"https:\/\/queridabh.com.br\/index.php\/2025\/04\/17\/mrv-aproveita-bom-momento-do-minha-casa-minha-vida-e-oferece-oportunidades-em-seu-novo-feirao\/","title":{"rendered":"MRV aproveita bom momento do Minha Casa, Minha Vida e oferece oportunidades em seu novo Feir\u00e3o\u00a0"},"content":{"rendered":"\n<p class=\"has-small-font-size\"><em>Cr\u00e9dito: divulga\u00e7\u00e3o<\/em><\/p>\n\n\n\n<p><em>Com taxas de juros pr\u00e9-fixadas, programa habitacional federal garante estabilidade aos consumidores que buscam realizar o sonho do primeiro im\u00f3vel<\/em>&nbsp;<\/p>\n\n\n\n<p>O cen\u00e1rio atual \u00e9 favor\u00e1vel para quem busca realizar o sonho da casa pr\u00f3pria. Al\u00e9m das condi\u00e7\u00f5es vantajosas oferecidas pelo programa habitacional Minha Casa, Minha Vida, cujas taxas de juros s\u00e3o pr\u00e9-fixadas e n\u00e3o acompanham os reajustes da Selic, o an\u00fancio da cria\u00e7\u00e3o da faixa 4 do programa \u2014 voltada para fam\u00edlias com renda de at\u00e9 R$ 12 mil \u2014 refor\u00e7a o momento prop\u00edcio para a aquisi\u00e7\u00e3o de um im\u00f3vel. Aproveitando essa conjuntura, a MRV, construtora com mais de 45 anos de hist\u00f3ria e respons\u00e1vel pela entrega de mais de 500 mil unidades, promove um Feir\u00e3o com oportunidades para tornar a conquista da casa pr\u00f3pria ainda mais acess\u00edvel.<\/p>\n\n\n\n<p>Uma das principais vantagens do Feir\u00e3o \u00e9 a possibilidade de comprar o im\u00f3vel agora e come\u00e7ar a pagar a primeira parcela apenas em setembro, facilitando ainda mais o planejamento financeiro dos compradores.<\/p>\n\n\n\n<p>A promo\u00e7\u00e3o \u00e9 v\u00e1lida exclusivamente para contratos assinados at\u00e9 o dia 21 de abril e contempla os produtos da MRV em todos os estados onde a companhia tem atua\u00e7\u00e3o no Brasil, com exce\u00e7\u00e3o das linhas Sensia e Class. Somente em Belo Horizonte e regi\u00e3o metropolitana, s\u00e3o mais de 350 unidades participantes do Feir\u00e3o, nas cidades de BH, Contagem, Betim e Sete Lagoas.. &#8220;Acreditamos que a conquista da casa pr\u00f3pria deve ser acess\u00edvel e vi\u00e1vel para cada vez mais brasileiros. Por isso, al\u00e9m das condi\u00e7\u00f5es facilitadas de pagamento, o Feir\u00e3o MRV chega como uma oportunidade \u00fanica para quem deseja sair do aluguel e investir em um im\u00f3vel com seguran\u00e7a e planejamento. Com essa campanha, estamos oferecendo mais flexibilidade financeira e vantagens exclusivas para os clientes que querem aproveitar o bom momento do setor imobili\u00e1rio&#8221;, Roberta Pereira, gestora comercial da MRV em Minas Gerais.<\/p>\n\n\n\n<p>Al\u00e9m das condi\u00e7\u00f5es especiais de pagamento, os clientes que visitarem os estandes da MRV nos finais de semana do Feir\u00e3o e apresentarem a documenta\u00e7\u00e3o necess\u00e1ria para a compra ter\u00e3o a oportunidade de participar de uma din\u00e2mica interativa que dar\u00e1 direito a brindes diversos.<\/p>\n\n\n\n<p>Com um hist\u00f3rico consolidado no setor e uma forte atua\u00e7\u00e3o no programa Minha Casa, Minha Vida, a MRV segue investindo em iniciativas que facilitam o acesso \u00e0 moradia e garantem mais oportunidades para os brasileiros realizarem o sonho da casa pr\u00f3pria. Em 2024, cerca de 90% das vendas l\u00edquidas da companhia ocorreram via programa MCMV, e com a abertura da faixa 4 do programa Minha Casa, Minha Vida, 13% do estoque da MRV pode ser adquirido com as condi\u00e7\u00f5es diferenciadas que o programa oferece.<\/p>\n\n\n\n<p><strong>Servi\u00e7o:<\/strong>&nbsp;<br>\ud83d\udcc6 Per\u00edodo: 4 a 21 de abril<br>\ud83c\udfaf Condi\u00e7\u00f5es especiais:<br>\u2714 Primeira mensalidade apenas em setembro<br>\ud83d\udccc Din\u00e2mica interativa aos finais de semana com brindes exclusivos<\/p>\n\n\n\n<p>Para mais informa\u00e7\u00f5es sobre o Feir\u00e3o e os empreendimentos dispon\u00edveis, basta acessar o site oficial da MRV mrv.com.br ou visitar um dos Pontos de Venda da construtora.<\/p>\n\n\n\n<p><\/p>\n","protected":false},"excerpt":{"rendered":"<p>Cr\u00e9dito: divulga\u00e7\u00e3o Com taxas de juros pr\u00e9-fixadas, programa habitacional federal garante estabilidade aos consumidores que buscam realizar o sonho do&hellip;<\/p>\n","protected":false},"author":1,"featured_media":40,"comment_status":"open","ping_status":"open","sticky":false,"template":"","format":"standard","meta":{"footnotes":""},"categories":[3],"tags":[],"class_list":["post-39","post","type-post","status-publish","format-standard","has-post-thumbnail","hentry","category-geral"],"_links":{"self":[{"href":"https:\/\/queridabh.com.br\/index.php\/wp-json\/wp\/v2\/posts\/39","targetHints":{"allow":["GET"]}}],"collection":[{"href":"https:\/\/queridabh.com.br\/index.php\/wp-json\/wp\/v2\/posts"}],"about":[{"href":"https:\/\/queridabh.com.br\/index.php\/wp-json\/wp\/v2\/types\/post"}],"author":[{"embeddable":true,"href":"https:\/\/queridabh.com.br\/index.php\/wp-json\/wp\/v2\/users\/1"}],"replies":[{"embeddable":true,"href":"https:\/\/queridabh.com.br\/index.php\/wp-json\/wp\/v2\/comments?post=39"}],"version-history":[{"count":1,"href":"https:\/\/queridabh.com.br\/index.php\/wp-json\/wp\/v2\/posts\/39\/revisions"}],"predecessor-version":[{"id":41,"href":"https:\/\/queridabh.com.br\/index.php\/wp-json\/wp\/v2\/posts\/39\/revisions\/41"}],"wp:featuredmedia":[{"embeddable":true,"href":"https:\/\/queridabh.com.br\/index.php\/wp-json\/wp\/v2\/media\/40"}],"wp:attachment":[{"href":"https:\/\/queridabh.com.br\/index.php\/wp-json\/wp\/v2\/media?parent=39"}],"wp:term":[{"taxonomy":"category","embeddable":true,"href":"https:\/\/queridabh.com.br\/index.php\/wp-json\/wp\/v2\/categories?post=39"},{"taxonomy":"post_tag","embeddable":true,"href":"https:\/\/queridabh.com.br\/index.php\/wp-json\/wp\/v2\/tags?post=39"}],"curies":[{"name":"wp","href":"https:\/\/api.w.org\/{rel}","templated":true}]}}