{"id":42,"date":"2025-04-17T10:30:17","date_gmt":"2025-04-17T13:30:17","guid":{"rendered":"https:\/\/queridabh.com.br\/?p=42"},"modified":"2025-04-17T10:30:17","modified_gmt":"2025-04-17T13:30:17","slug":"carlinhos-brown-e-orquestra-ouro-preto-em-belo-horizonte","status":"publish","type":"post","link":"https:\/\/queridabh.com.br\/index.php\/2025\/04\/17\/carlinhos-brown-e-orquestra-ouro-preto-em-belo-horizonte\/","title":{"rendered":"Carlinhos Brown e Orquestra Ouro Preto em Belo Horizonte"},"content":{"rendered":"\n<p class=\"has-regular-font-size\"><em>Cr\u00e9dito: Rapha Garcia<br><\/em><em>O cantor, compositor e percussionista apresenta grandes sucessos de sua carreira ao lado da forma\u00e7\u00e3o mineira nos dias 2 e 3 de maio, \u00e0s 20h30, no Pal\u00e1cio das Artes<\/em><\/p>\n\n\n\n<p>Os ritmos afro-brasileiros e a poesia de&nbsp;<strong>Carlinhos Brown<\/strong>&nbsp;v\u00e3o se unir ao som das cordas e \u00e0 versatilidade e excel\u00eancia da&nbsp;<strong>Orquestra Ouro Preto&nbsp;<\/strong>no Grande Teatro Cemig Pal\u00e1cio das Artes, numa simbiose pulsante entre o sinf\u00f4nico e o popular. O cantor, compositor, percussionista e multitalentoso artista baiano \u00e9 o convidado da Orquestra para duas apresenta\u00e7\u00f5es, nos dias 2 e 3 de maio, sexta-feira e s\u00e1bado, \u00e0s 20h30. Os ingressos podem ser adquiridos no Eventim e na bilheteria do teatro. Os concertos t\u00eam o patroc\u00ednio da AngloGold Ashanti, atrav\u00e9s da Lei Federal de Incentivo, a Lei Rouanet.<\/p>\n\n\n\n<p>Com reg\u00eancia do Maestro Rodrigo Toffolo, diretor art\u00edstico e regente titular da Orquestra Ouro Preto, o concerto passeia pela obra de Brown, ressaltando toda sua grandiosidade e exuber\u00e2ncia musical. Nessa uni\u00e3o singular, cabem o berimbau, a percuss\u00e3o e os metais, que se apresentam em total harmonia com os violinos e violoncelos.<\/p>\n\n\n\n<p>Carlinhos Brown, nascido em 1962 no bairro do Candeal Pequeno em Salvador, Bahia, \u00e9 um artista \u00edmpar que se destaca como um dos mais criativos e inovadores do cen\u00e1rio musical brasileiro. Brown coleciona sucessos e reconhecimento por sua vasta obra e impacto cultural. Sua sensibilidade e talento para criar letras po\u00e9ticas e melodias marcantes renderam a ele parcerias com grandes nomes da MPB, como Maria Beth\u00e2nia, Gal Costa, Caetano Veloso, Marisa Monte, Nando Reis, C\u00e1ssia Eller e Herbert Vianna. Suas composi\u00e7\u00f5es tamb\u00e9m conquistaram a banda Sepultura, demonstrando a versatilidade e o alcance de sua obra.<\/p>\n\n\n\n<p>O&nbsp;repert\u00f3rio do concerto busca contemplar todas essas v\u00e1rias facetas de Brown, reunindo alguns de seus maiores sucessos, incluindo os hits&nbsp;\u201cAmor I Love You\u201c, \u201cJ\u00e1 Sei Namorar\u201d e \u201cVilarejo\u201d, gravadas com o grupo&nbsp;Tribalistas, ao lado de Marisa&nbsp;Monte&nbsp;e Arnaldo Antunes. Al\u00e9m dessas can\u00e7\u00f5es, outras p\u00e9rolas do cancioneiro de Brown integram o setlist, entre elas \u201cMaria de Verdade\u201d, \u201cSegue o Seco\u201d, \u201cECT\u201d e as dan\u00e7antes \u201cQuixabeira\u201d e \u201cA Namorada\u201d, que ganham novos arranjos assinados por Paulo Malheiros.<\/p>\n\n\n\n<p>O norte para a escolha das can\u00e7\u00f5es que integram o concerto, segundo o Maestro Rodrigo Toffolo, partiu da proposta de explicitar o car\u00e1ter compositor do artista, revelando ao p\u00fablico tamb\u00e9m p\u00e9rolas que ficaram famosas na voz de outros artistas e que t\u00eam a assinatura de Brown. \u201cO desafio \u00e9 sempre a brasilidade e, no caso de Carlinhos, a baianidade e os ritmos afro-brasileiros que ele trabalha. Acho um deleite mesclar essas duas \u00e1reas, criando um caldeir\u00e3o multicultural. Todos saem ganhando, e o p\u00fablico ter\u00e1 um espet\u00e1culo de alto n\u00edvel e bel\u00edssimo, com a energia l\u00e1 no alto, como \u00e9 peculiar na presen\u00e7a de Brown\u201d, garante o maestro.<\/p>\n\n\n\n<p>Criador da orquestra de percuss\u00e3o Timbalada, o cantor e compositor destaca a import\u00e2ncia de trabalhar em coletivo e encontrar um ponto harm\u00f4nico nas can\u00e7\u00f5es. \u201cPara mim, cl\u00e1ssico \u00e9 tudo que perdura no inconsciente coletivo, e a Orquestra Ouro Preto se encontra nesse lugar t\u00e3o tradicional quanto moderna\u201d, enfatiza Brown.<\/p>\n\n\n\n<p>As apresenta\u00e7\u00f5es s\u00e3o patrocinadas pela AngloGold, parceira da Orquestra Ouro Preto de longa data. \u201cTemos muito orgulho em estarmos com a Orquestra Ouro Preto, sempre incentivando a sua rica produ\u00e7\u00e3o musical e os encontros mais variados, que trazem boas surpresas para o p\u00fablico\u201d, comenta o diretor de Comunica\u00e7\u00e3o, Comunidade e Rela\u00e7\u00f5es Governamentais da AngloGold Ashanti, Fernando Claudio.<\/p>\n\n\n\n<p><strong>SERVI\u00c7O<\/strong><\/p>\n\n\n\n<p><strong>Carlinhos Brown e Orquestra Ouro Preto, em Belo Horizonte<\/strong><\/p>\n\n\n\n<p><strong>Data:<\/strong>&nbsp;2 de maio, sexta-feira e 3 de maio, s\u00e1bado<\/p>\n\n\n\n<p><strong>Hor\u00e1rio:<\/strong>&nbsp;20h30<\/p>\n\n\n\n<p><strong>Local:<\/strong>&nbsp;Pal\u00e1cio das Artes (Av. Afonso Pena, 1537 &#8211; Centro, Belo Horizonte &#8211; MG)<\/p>\n\n\n\n<p><strong>Ingressos:<\/strong>&nbsp;No Eventim e na bilheteria do teatro.<\/p>\n\n\n\n<p class=\"has-regular-font-size\"><strong>Informa\u00e7\u00f5es:<\/strong>&nbsp;www.orquestraouropreto.com.br<\/p>\n\n\n\n<p><\/p>\n","protected":false},"excerpt":{"rendered":"<p>Cr\u00e9dito: Rapha GarciaO cantor, compositor e percussionista apresenta grandes sucessos de sua carreira ao lado da forma\u00e7\u00e3o mineira nos dias&hellip;<\/p>\n","protected":false},"author":1,"featured_media":43,"comment_status":"open","ping_status":"open","sticky":false,"template":"","format":"standard","meta":{"footnotes":""},"categories":[13],"tags":[],"class_list":["post-42","post","type-post","status-publish","format-standard","has-post-thumbnail","hentry","category-eventos"],"_links":{"self":[{"href":"https:\/\/queridabh.com.br\/index.php\/wp-json\/wp\/v2\/posts\/42","targetHints":{"allow":["GET"]}}],"collection":[{"href":"https:\/\/queridabh.com.br\/index.php\/wp-json\/wp\/v2\/posts"}],"about":[{"href":"https:\/\/queridabh.com.br\/index.php\/wp-json\/wp\/v2\/types\/post"}],"author":[{"embeddable":true,"href":"https:\/\/queridabh.com.br\/index.php\/wp-json\/wp\/v2\/users\/1"}],"replies":[{"embeddable":true,"href":"https:\/\/queridabh.com.br\/index.php\/wp-json\/wp\/v2\/comments?post=42"}],"version-history":[{"count":1,"href":"https:\/\/queridabh.com.br\/index.php\/wp-json\/wp\/v2\/posts\/42\/revisions"}],"predecessor-version":[{"id":44,"href":"https:\/\/queridabh.com.br\/index.php\/wp-json\/wp\/v2\/posts\/42\/revisions\/44"}],"wp:featuredmedia":[{"embeddable":true,"href":"https:\/\/queridabh.com.br\/index.php\/wp-json\/wp\/v2\/media\/43"}],"wp:attachment":[{"href":"https:\/\/queridabh.com.br\/index.php\/wp-json\/wp\/v2\/media?parent=42"}],"wp:term":[{"taxonomy":"category","embeddable":true,"href":"https:\/\/queridabh.com.br\/index.php\/wp-json\/wp\/v2\/categories?post=42"},{"taxonomy":"post_tag","embeddable":true,"href":"https:\/\/queridabh.com.br\/index.php\/wp-json\/wp\/v2\/tags?post=42"}],"curies":[{"name":"wp","href":"https:\/\/api.w.org\/{rel}","templated":true}]}}