{"id":48,"date":"2025-04-17T10:36:49","date_gmt":"2025-04-17T13:36:49","guid":{"rendered":"https:\/\/queridabh.com.br\/?p=48"},"modified":"2025-04-17T10:36:49","modified_gmt":"2025-04-17T13:36:49","slug":"giovani-ferreira-rafael-buzacarini-e-beatriz-freitas-conquistam-vaga-para-o-campeonato-pan-americano-e-oceania-de-judo","status":"publish","type":"post","link":"https:\/\/queridabh.com.br\/index.php\/2025\/04\/17\/giovani-ferreira-rafael-buzacarini-e-beatriz-freitas-conquistam-vaga-para-o-campeonato-pan-americano-e-oceania-de-judo\/","title":{"rendered":"Giovani Ferreira, Rafael Buzacarini e Beatriz Freitas conquistam vaga para o Campeonato Pan-Americano e Oceania de Jud\u00f4"},"content":{"rendered":"\n<p class=\"has-small-font-size\"><em>Cr\u00e9dito: Anderson Neves<\/em><\/p>\n\n\n\n<p>Giovani Ferreira, Rafael Buzacarini e Beatriz Freitas conquistam vaga para o Campeonato Pan-Americano e Oceania de Jud\u00f4<\/p>\n\n\n\n<p>Atletas venceram a Seletiva Nacional realizada nesta quinta-feira, dia 20, e v\u00e3o representar o Time Brasil<\/p>\n\n\n\n<p>O Esporte Clube Pinheiros garantiu mais tr\u00eas atletas para o Time Brasil que ir\u00e1 lutar o Campeonato Pan-Americano e Oceania de Jud\u00f4, que acontecer\u00e1 em Santiago, no Chile, de 25 a 27 de abril. Nesta quinta-feira, dia 10, Giovani Ferreira, o Pez\u00e3o (90kg), Rafael Buzacarini (+100kg) e Beatriz Freitas (-78kg), venceram a Seletiva Nacional de suas respectivas categorias e carimbaram suas vagas.<\/p>\n\n\n\n<p>Pez\u00e3o comemorou a classifica\u00e7\u00e3o em dobro, j\u00e1 que al\u00e9m de representar a Sele\u00e7\u00e3o, tamb\u00e9m anunciou que ser\u00e1 pai em breve. &#8220;Deus escreve certo por linhas tortas. Ano passado tive um ano complicado, mas continuei firme, treinando e acreditando. Em janeiro Deus me aben\u00e7oou com uma grande not\u00edcia, que ser\u00e1 a chegada do meu filho, Pedro Henrique. Estou muito feliz e \u00e9 acreditar e seguir sempre em frente&#8221;, disse Pez\u00e3o em entrevista ao Canal Ol\u00edmpico do Brasil. O judoca do ECP enfrentou na final Marcelo Fronckowiak.<\/p>\n\n\n\n<p>Rafael Buzacarini, por sua vez, teve como advers\u00e1rios o companheiro de Clube, Lucas Lima, e Jo\u00e3o Cesarino. O judoca, que recentemente avan\u00e7ou para a categoria 100kg, tem comemorado cada resultado e nesta noite n\u00e3o foi diferente. &#8220;Uma competi\u00e7\u00e3o t\u00e3o importante como essa, cada conquista tem que ser valorizada, ainda mais eu que estou subindo de categoria. Estou muito feliz pelo resultado&#8221;, comentou.<\/p>\n\n\n\n<p>Beatriz Freitas aplicou um Ippon em Eliza Ramos do Instituto Rea\u00e7\u00e3o e venceu a melhor de tr\u00eas na final para ficar com a vaga. &#8220;Estava me sentindo muito bem, muito preparada para fazer todas as lutas, e eu n\u00e3o me abalei. Errei taticamente, n\u00e3o consegui fazer o que eu tinha planejado, mas eu estava com a cabe\u00e7a boa. Queria lutar, ser feliz, e fui buscar o resultado&#8221;, observou, ap\u00f3s o combate.<\/p>\n","protected":false},"excerpt":{"rendered":"<p>Cr\u00e9dito: Anderson Neves Giovani Ferreira, Rafael Buzacarini e Beatriz Freitas conquistam vaga para o Campeonato Pan-Americano e Oceania de Jud\u00f4&hellip;<\/p>\n","protected":false},"author":1,"featured_media":49,"comment_status":"open","ping_status":"open","sticky":false,"template":"","format":"standard","meta":{"footnotes":""},"categories":[15],"tags":[],"class_list":["post-48","post","type-post","status-publish","format-standard","has-post-thumbnail","hentry","category-variedades"],"_links":{"self":[{"href":"https:\/\/queridabh.com.br\/index.php\/wp-json\/wp\/v2\/posts\/48","targetHints":{"allow":["GET"]}}],"collection":[{"href":"https:\/\/queridabh.com.br\/index.php\/wp-json\/wp\/v2\/posts"}],"about":[{"href":"https:\/\/queridabh.com.br\/index.php\/wp-json\/wp\/v2\/types\/post"}],"author":[{"embeddable":true,"href":"https:\/\/queridabh.com.br\/index.php\/wp-json\/wp\/v2\/users\/1"}],"replies":[{"embeddable":true,"href":"https:\/\/queridabh.com.br\/index.php\/wp-json\/wp\/v2\/comments?post=48"}],"version-history":[{"count":1,"href":"https:\/\/queridabh.com.br\/index.php\/wp-json\/wp\/v2\/posts\/48\/revisions"}],"predecessor-version":[{"id":50,"href":"https:\/\/queridabh.com.br\/index.php\/wp-json\/wp\/v2\/posts\/48\/revisions\/50"}],"wp:featuredmedia":[{"embeddable":true,"href":"https:\/\/queridabh.com.br\/index.php\/wp-json\/wp\/v2\/media\/49"}],"wp:attachment":[{"href":"https:\/\/queridabh.com.br\/index.php\/wp-json\/wp\/v2\/media?parent=48"}],"wp:term":[{"taxonomy":"category","embeddable":true,"href":"https:\/\/queridabh.com.br\/index.php\/wp-json\/wp\/v2\/categories?post=48"},{"taxonomy":"post_tag","embeddable":true,"href":"https:\/\/queridabh.com.br\/index.php\/wp-json\/wp\/v2\/tags?post=48"}],"curies":[{"name":"wp","href":"https:\/\/api.w.org\/{rel}","templated":true}]}}