{"id":51,"date":"2025-04-17T10:49:10","date_gmt":"2025-04-17T13:49:10","guid":{"rendered":"https:\/\/queridabh.com.br\/?p=51"},"modified":"2025-04-17T10:49:10","modified_gmt":"2025-04-17T13:49:10","slug":"a-verdade-sobre-as-filas-do-sus-entre-elogios-e-criticas","status":"publish","type":"post","link":"https:\/\/queridabh.com.br\/index.php\/2025\/04\/17\/a-verdade-sobre-as-filas-do-sus-entre-elogios-e-criticas\/","title":{"rendered":"A verdade sobre as filas do SUS: entre elogios e cr\u00edticas"},"content":{"rendered":"\n<p class=\"has-small-font-size\"><em>Cr\u00e9dito: divulga\u00e7\u00e3o<\/em><\/p>\n\n\n\n<p>Afinal, quem est\u00e1 certo na guerra de narrativas sobre a efici\u00eancia do Sistema \u00danico de Sa\u00fade?<\/p>\n\n\n\n<p>A interna\u00e7\u00e3o do ex-presidente Jair Bolsonaro colocou o SUS no centro das discuss\u00f5es. O debate entre a influenciadora Jojo Todynho e o Minist\u00e9rio da Sa\u00fade cristalizou duas narrativas antag\u00f4nicas: de um lado, os que sustentam que &#8220;s\u00f3 fala bem do SUS quem n\u00e3o o utiliza&#8221;; de outro, aqueles que defendem que &#8220;s\u00f3 critica quem n\u00e3o o conhece\u201d.<\/p>\n\n\n\n<p>No meio desse debate est\u00e1 um sistema reconhecido mundialmente, mas que enfrenta problemas reais: longas filas de espera por cirurgias e consultas especializadas, mesmo em um pa\u00eds que forma cada vez mais m\u00e9dicos e que tem uma propor\u00e7\u00e3o de m\u00e9dicos por popula\u00e7\u00e3o semelhante \u00e0 de pa\u00edses desenvolvidos. \u201cComo m\u00e9dico com 40 anos de profiss\u00e3o, posso dizer que grande parte desse problema poderia ser resolvido se a Lei 3268\/57 fosse aplicada corretamente\u201d, afirma Eduardo Teixeira, presidente da Associa\u00e7\u00e3o Brasileira de M\u00e9dicos com Expertise de P\u00f3s-Gradua\u00e7\u00e3o (Abramepo) e professor titular da Escola de Medicina e Cirurgia da Universidade Federal do Estado do Rio de Janeiro (UNIRIO).<\/p>\n\n\n\n<p>Essa lei estabelece que qualquer m\u00e9dico com diploma reconhecido pelo Minist\u00e9rio da Educa\u00e7\u00e3o (MEC) e registro no Conselho Regional de Medicina (CRM) de sua \u00e1rea de atua\u00e7\u00e3o pode exercer a medicina em todas as suas \u00e1reas. \u201cO que vemos nos \u00faltimos anos, no entanto, s\u00e3o resolu\u00e7\u00f5es do Conselho Federal de Medicina (CFM) que limitam a atua\u00e7\u00e3o dos profissionais. Essas regras do CFM impedem que m\u00e9dicos formados, com p\u00f3s-gradua\u00e7\u00e3o, mestrado e at\u00e9 doutorado, possam trabalhar em vagas do SUS, prescrever tratamentos ou emitir laudos, tudo \u00e0 revelia da lei federal\u201d, conta o cirurgi\u00e3o.<\/p>\n\n\n\n<p>Normas do CFM impedem m\u00e9dicos sem RQE de integrarem o SUS<\/p>\n\n\n\n<p>O resultado dessa pol\u00edtica n\u00e3o poderia ser diferente: faltam especialistas no sistema p\u00fablico, fazendo com que pacientes enfrentem filas que podem durar anos.<\/p>\n\n\n\n<p>Atualmente, o CFM s\u00f3 concede o t\u00edtulo de especialista a m\u00e9dicos que fizeram resid\u00eancia m\u00e9dica ou foram aprovados nas chamadas provas de t\u00edtulos promovidas por sociedades m\u00e9dicas particulares. \u201cAs provas de t\u00edtulo n\u00e3o formam m\u00e9dicos. Ao contr\u00e1rio das p\u00f3s-gradua\u00e7\u00f5es, elas apenas avaliam conhecimentos. Por isso, defendemos que o MEC, em conjunto com entidades m\u00e9dicas, crie crit\u00e9rios claros para reconhecer programas de p\u00f3s-gradua\u00e7\u00e3o que atendam aos requisitos necess\u00e1rios para formar especialistas\u201d, argumenta o m\u00e9dico.<\/p>\n\n\n\n<p>Como entidade que representa m\u00e9dicos de todo Brasil, a Abramepo defende que as especializa\u00e7\u00f5es obtidas em programas de p\u00f3s-gradua\u00e7\u00e3o reconhecidos pelo MEC sejam aceitas. \u201cTemos um contingente de, pelo menos, 280 mil especialistas n\u00e3o formalmente reconhecidos. Dezenas de milhares t\u00eam boa forma\u00e7\u00e3o, s\u00e3o experientes, t\u00eam destaque em suas especialidades e at\u00e9 mesmo s\u00e3o professores, mas n\u00e3o s\u00e3o formalmente reconhecidos como especialistas por causa das resolu\u00e7\u00f5es do Conselho. Isto afasta o paciente destes m\u00e9dicos, reduz a oferta de especialistas e desencoraja os novos m\u00e9dicos a buscar a p\u00f3s-gradua\u00e7\u00e3o. Um erro que s\u00f3 beneficia um pequeno grupo, prejudicando m\u00e9dicos, popula\u00e7\u00e3o e governo. Entendemos que a p\u00f3s-gradua\u00e7\u00e3o \u00e9 um caminho v\u00e1lido para a especializa\u00e7\u00e3o, especialmente porque n\u00e3o h\u00e1 vagas de resid\u00eancia suficientes para todos os m\u00e9dicos formados e h\u00e1 muitos programas de p\u00f3s-gradua\u00e7\u00e3o que oferecem forma\u00e7\u00e3o equivalente \u00e0 resid\u00eancia, com carga hor\u00e1ria adequada e pr\u00e1tica supervisionada\u201d, comenta Teixeira.<\/p>\n\n\n\n<p>Sim, o SUS \u00e9 um sistema digno de elogios, exerce um papel indispens\u00e1vel em um pa\u00eds marcado por profundas desigualdades sociais. Justamente por isso, precisa ser tratado com a import\u00e2ncia devida. \u201cN\u00e3o \u00e9 razo\u00e1vel que disputas corporativas limitem o acesso da popula\u00e7\u00e3o \u00e0 sa\u00fade de qualidade. A Abramepo luta por um sistema mais justo, que reconhe\u00e7a diferentes caminhos para a especializa\u00e7\u00e3o m\u00e9dica e permita que a popula\u00e7\u00e3o tenha acesso a mais m\u00e9dicos qualificados\u201d.<\/p>\n\n\n\n<p><\/p>\n","protected":false},"excerpt":{"rendered":"<p>Cr\u00e9dito: divulga\u00e7\u00e3o Afinal, quem est\u00e1 certo na guerra de narrativas sobre a efici\u00eancia do Sistema \u00danico de Sa\u00fade? A interna\u00e7\u00e3o&hellip;<\/p>\n","protected":false},"author":1,"featured_media":52,"comment_status":"open","ping_status":"open","sticky":false,"template":"","format":"standard","meta":{"footnotes":""},"categories":[3],"tags":[],"class_list":["post-51","post","type-post","status-publish","format-standard","has-post-thumbnail","hentry","category-geral"],"_links":{"self":[{"href":"https:\/\/queridabh.com.br\/index.php\/wp-json\/wp\/v2\/posts\/51","targetHints":{"allow":["GET"]}}],"collection":[{"href":"https:\/\/queridabh.com.br\/index.php\/wp-json\/wp\/v2\/posts"}],"about":[{"href":"https:\/\/queridabh.com.br\/index.php\/wp-json\/wp\/v2\/types\/post"}],"author":[{"embeddable":true,"href":"https:\/\/queridabh.com.br\/index.php\/wp-json\/wp\/v2\/users\/1"}],"replies":[{"embeddable":true,"href":"https:\/\/queridabh.com.br\/index.php\/wp-json\/wp\/v2\/comments?post=51"}],"version-history":[{"count":1,"href":"https:\/\/queridabh.com.br\/index.php\/wp-json\/wp\/v2\/posts\/51\/revisions"}],"predecessor-version":[{"id":53,"href":"https:\/\/queridabh.com.br\/index.php\/wp-json\/wp\/v2\/posts\/51\/revisions\/53"}],"wp:featuredmedia":[{"embeddable":true,"href":"https:\/\/queridabh.com.br\/index.php\/wp-json\/wp\/v2\/media\/52"}],"wp:attachment":[{"href":"https:\/\/queridabh.com.br\/index.php\/wp-json\/wp\/v2\/media?parent=51"}],"wp:term":[{"taxonomy":"category","embeddable":true,"href":"https:\/\/queridabh.com.br\/index.php\/wp-json\/wp\/v2\/categories?post=51"},{"taxonomy":"post_tag","embeddable":true,"href":"https:\/\/queridabh.com.br\/index.php\/wp-json\/wp\/v2\/tags?post=51"}],"curies":[{"name":"wp","href":"https:\/\/api.w.org\/{rel}","templated":true}]}}