{"id":584,"date":"2025-08-30T08:27:50","date_gmt":"2025-08-30T11:27:50","guid":{"rendered":"https:\/\/queridabh.com.br\/?p=584"},"modified":"2025-09-02T08:28:58","modified_gmt":"2025-09-02T11:28:58","slug":"belo-horizonte-vai-receber-show-da-banda-holandesa-epica","status":"publish","type":"post","link":"https:\/\/queridabh.com.br\/index.php\/2025\/08\/30\/belo-horizonte-vai-receber-show-da-banda-holandesa-epica\/","title":{"rendered":"Belo Horizonte vai receber show da banda holandesa \u00c9pica"},"content":{"rendered":"\n<p><strong>Epica<\/strong>, banda holandesa refer\u00eancia m\u00e1xima do metal sinf\u00f4nico, com mais de 20 anos de estrada e 400 milh\u00f5es de streams no cat\u00e1logo, volta \u00e0 Am\u00e9rica Latina em setembro com 13 datas, sendo seis shows no Brasil de 6 a 14\/09 junto \u00e0 banda italiana&nbsp;<strong>Fleshgod Apocalypse<\/strong>&nbsp;como convidada especial. A realiza\u00e7\u00e3o \u00e9 da&nbsp;<strong>Liberation Music Company<\/strong>.<\/p>\n\n\n\n<p>Seis capitais brasileiras recebem a super turn\u00ea do Epica em divulga\u00e7\u00e3o do rec\u00e9m-lan\u00e7ado&nbsp;<em>Aspiral<\/em>, lan\u00e7ado mundialmente pela Nuclear Blast: Porto Alegre (6\/09), Curitiba (7\/09), Belo Horizonte (9\/09), Bras\u00edlia (11\/09), Rio de Janeiro (13\/09) e S\u00e3o Paulo (14\/09). Ingressos \u00e0 venda na Fastix:&nbsp;<strong><a href=\"http:\/\/www.fastix.com.br\/\">http:\/\/www.fastix.com.br<\/a><\/strong>.<\/p>\n\n\n\n<p>Conhecida pelos sons orquestrais, vocais oper\u00edsticos e riffs pesados, a banda \u00e9 dona de hits como \u201cCry for the Moon\u201d e \u201cSensorium\u201d.<\/p>\n\n\n\n<p>Desde as primeiras turn\u00eas da banda, os holandeses t\u00eam uma conex\u00e3o especial com seus f\u00e3s brasileiros. \u201cEstamos entusiasmados com o an\u00fancio do nosso retorno \u00e0 Am\u00e9rica Latina!\u201d, comenta o Epica. \u201cA paix\u00e3o e dedica\u00e7\u00e3o que recebemos dos nossos f\u00e3s locais s\u00e3o \u00fanicas. Com v\u00e1rias m\u00fasicas novas, garantimos que o setlist ser\u00e1 muito equilibrado. N\u00e3o deixem de nos enviar ideias de m\u00fasicas que voc\u00eas querem ver inclu\u00eddas no set.\u201d<\/p>\n\n\n\n<p>Em recentes entrevistas \u00e0 imprensa nacional, Simone, Mark e Rob comentaram a empolga\u00e7\u00e3o em retornar ao Brasil, um dos principais mercados para o Epica. \u201cEstamos entusiasmados com o an\u00fancio do nosso retorno \u00e0 Am\u00e9rica Latina! A paix\u00e3o e dedica\u00e7\u00e3o que recebemos dos nossos f\u00e3s locais s\u00e3o \u00fanicas. Com v\u00e1rias m\u00fasicas novas, garantimos que o setlist ser\u00e1 muito equilibrado. N\u00e3o deixem de nos enviar ideias de m\u00fasicas que voc\u00eas querem ver inclu\u00eddas no set\u201d, disse a banda.<\/p>\n","protected":false},"excerpt":{"rendered":"<p>Epica, banda holandesa refer\u00eancia m\u00e1xima do metal sinf\u00f4nico, com mais de 20 anos de estrada e 400 milh\u00f5es de streams&hellip;<\/p>\n","protected":false},"author":2,"featured_media":585,"comment_status":"open","ping_status":"open","sticky":false,"template":"","format":"standard","meta":{"footnotes":""},"categories":[1],"tags":[],"class_list":["post-584","post","type-post","status-publish","format-standard","has-post-thumbnail","hentry","category-sem-categoria"],"_links":{"self":[{"href":"https:\/\/queridabh.com.br\/index.php\/wp-json\/wp\/v2\/posts\/584","targetHints":{"allow":["GET"]}}],"collection":[{"href":"https:\/\/queridabh.com.br\/index.php\/wp-json\/wp\/v2\/posts"}],"about":[{"href":"https:\/\/queridabh.com.br\/index.php\/wp-json\/wp\/v2\/types\/post"}],"author":[{"embeddable":true,"href":"https:\/\/queridabh.com.br\/index.php\/wp-json\/wp\/v2\/users\/2"}],"replies":[{"embeddable":true,"href":"https:\/\/queridabh.com.br\/index.php\/wp-json\/wp\/v2\/comments?post=584"}],"version-history":[{"count":1,"href":"https:\/\/queridabh.com.br\/index.php\/wp-json\/wp\/v2\/posts\/584\/revisions"}],"predecessor-version":[{"id":586,"href":"https:\/\/queridabh.com.br\/index.php\/wp-json\/wp\/v2\/posts\/584\/revisions\/586"}],"wp:featuredmedia":[{"embeddable":true,"href":"https:\/\/queridabh.com.br\/index.php\/wp-json\/wp\/v2\/media\/585"}],"wp:attachment":[{"href":"https:\/\/queridabh.com.br\/index.php\/wp-json\/wp\/v2\/media?parent=584"}],"wp:term":[{"taxonomy":"category","embeddable":true,"href":"https:\/\/queridabh.com.br\/index.php\/wp-json\/wp\/v2\/categories?post=584"},{"taxonomy":"post_tag","embeddable":true,"href":"https:\/\/queridabh.com.br\/index.php\/wp-json\/wp\/v2\/tags?post=584"}],"curies":[{"name":"wp","href":"https:\/\/api.w.org\/{rel}","templated":true}]}}