{"id":6,"date":"2025-04-17T09:28:14","date_gmt":"2025-04-17T12:28:14","guid":{"rendered":"https:\/\/queridabh.com.br\/?p=6"},"modified":"2025-04-17T09:28:14","modified_gmt":"2025-04-17T12:28:14","slug":"governo-federal-lanca-acao-para-vacinar-25-milhoes-de-estudantes-de-escolas-publicas-de-minas-gerais","status":"publish","type":"post","link":"https:\/\/queridabh.com.br\/index.php\/2025\/04\/17\/governo-federal-lanca-acao-para-vacinar-25-milhoes-de-estudantes-de-escolas-publicas-de-minas-gerais\/","title":{"rendered":"Governo Federal lan\u00e7a a\u00e7\u00e3o para vacinar 2,5 milh\u00f5es de estudantes de escolas p\u00fablicas de Minas Gerais"},"content":{"rendered":"\n<p class=\"has-small-font-size\"><em>Cr\u00e9dito: banco de dados do Canva<\/em><\/p>\n\n\n\n<p>Iniciativa da Sa\u00fade e da Educa\u00e7\u00e3o est\u00e1 voltada para alunos de at\u00e9 15 anos. De forma in\u00e9dita, fam\u00edlias poder\u00e3o acompanhar e receber notifica\u00e7\u00f5es para a vacina\u00e7\u00e3o com a Caderneta da Crian\u00e7a agora na vers\u00e3o digital<\/p>\n\n\n\n<p>Entre os dias 14 e 25 de abril, escolas p\u00fablicas de todo o pa\u00eds estar\u00e3o mobilizadas para atualizar a caderneta de vacina\u00e7\u00e3o dos estudantes. A a\u00e7\u00e3o faz parte do&nbsp;Programa Sa\u00fade na Escola, que une esfor\u00e7os dos minist\u00e9rios da Sa\u00fade e da Educa\u00e7\u00e3o para ampliar a cobertura vacinal e proteger crian\u00e7as e adolescentes. Participam 5.544 munic\u00edpios, envolvendo 27,8 milh\u00f5es de alunos de 109,8 mil escolas, que representam 80% das institui\u00e7\u00f5es da rede p\u00fablica de ensino. \u00c9 a maior ades\u00e3o da hist\u00f3ria do programa criado em 2007.&nbsp;Em Minas Gerais, todos os 853 munic\u00edpios aderiram ao programa. S\u00e3o 2,5 milh\u00f5es de alunos atendidos e 10.235 escolas pactuadas.<\/p>\n\n\n\n<p>Conforme a faixa et\u00e1ria de indica\u00e7\u00e3o da vacina, ser\u00e3o aplicadas doses das vacinas contra&nbsp;febre amarela, tr\u00edplice viral (sarampo,&nbsp;caxumba&nbsp;e&nbsp;rub\u00e9ola),&nbsp;DTP (tr\u00edplice bacteriana),&nbsp;meningoc\u00f3cica ACWY&nbsp;e&nbsp;HPV. As a\u00e7\u00f5es contam com a participa\u00e7\u00e3o dos profissionais do SUS, cujas equipes v\u00e3o vacinar no ambiente escolar ou as institui\u00e7\u00f5es de ensino levar\u00e3o os estudantes at\u00e9 uma Unidade B\u00e1sica de Sa\u00fade, sempre com a autoriza\u00e7\u00e3o dos respons\u00e1veis. Haver\u00e1 ainda checagem das cadernetas de vacina\u00e7\u00e3o para alertar pais e respons\u00e1veis sobre a necessidade de atualiza\u00e7\u00e3o.&nbsp;<\/p>\n\n\n\n<p>&#8220;A escola representa uma grande oportunidade para vacinarmos esse p\u00fablico. Estamos falando de crian\u00e7as e adolescentes entre 9 e 14 anos \u2014 uma faixa et\u00e1ria que, muitas vezes, frequenta menos as unidades b\u00e1sicas de sa\u00fade. N\u00e3o \u00e9 t\u00e3o comum que pais ou respons\u00e1veis os levem at\u00e9 l\u00e1. Por isso, aproveitar o espa\u00e7o escolar n\u00e3o apenas para divulgar, mas tamb\u00e9m, quando necess\u00e1rio, para realizar a vacina\u00e7\u00e3o e promover a campanha \u00e9 fundamental\u201d,&nbsp;afirmou o ministro da Sa\u00fade, Alexandre Padilha.&nbsp;<\/p>\n\n\n\n<p>Para viabilizar essa estrat\u00e9gia,&nbsp;o Minist\u00e9rio da Sa\u00fade destinou R$ 150 milh\u00f5es, sendo R$ 15,9 milh\u00f5es alocados para os estados e R$ 134 milh\u00f5es, para os munic\u00edpios, considerando o tamanho do territ\u00f3rio, as dificuldades log\u00edsticas, o n\u00famero de escolas e as caracter\u00edsticas e necessidades espec\u00edficas de cada regi\u00e3o.&nbsp;Minas Gerais recebeu R$ 1,2 milh\u00e3o, j\u00e1 para as cidades do estado foram destinados R$12,8 milh\u00f5es.<\/p>\n\n\n\n<p>Acesse a lista do valor destinado para os munic\u00edpios de Minas Gerais&nbsp;<\/p>\n\n\n\n<p>A partir deste ano, a vacina\u00e7\u00e3o nas escolas passa a ser reconhecida como estrat\u00e9gia espec\u00edfica de imuniza\u00e7\u00e3o. As doses aplicadas nas escolas ou por encaminhamento escolar devem ser registradas com a op\u00e7\u00e3o \u201cVacina\u00e7\u00e3o Escolar\u201d. O registro padronizado permitir\u00e1 monitoramento mais preciso do impacto da iniciativa.&nbsp;<\/p>\n\n\n\n<p>Com a ades\u00e3o hist\u00f3rica de munic\u00edpios no Sa\u00fade na Escola, 4,3 milh\u00f5es de estudantes passaram a ter acesso \u00e0s a\u00e7\u00f5es de promo\u00e7\u00e3o da sa\u00fade e preven\u00e7\u00e3o promovidas pelo programa desde 2022. Das 109,8 mil escolas participantes, 53,6 mil escolas t\u00eam maioria de alunos do Bolsa Fam\u00edlia. Outras 2.220 escolas est\u00e3o em territ\u00f3rios quilombolas e 1.782 escolas possuem ind\u00edgenas inclu\u00eddos.&nbsp;<\/p>\n\n\n\n<p>Houve um crescimento nas a\u00e7\u00f5es realizadas pelo Programa Sa\u00fade na Escola com foco na promo\u00e7\u00e3o da sa\u00fade de crian\u00e7as e adolescentes. Entre 2022 e 2024, os maiores crescimentos foram registrados nas \u00e1reas de sa\u00fade mental (77,68%), atividade f\u00edsica (73,61%), sa\u00fade bucal (67,01%) e verifica\u00e7\u00e3o da situa\u00e7\u00e3o vacinal (35,30%), demonstrando o fortalecimento do cuidado integral no ambiente escolar.&nbsp;<\/p>\n\n\n\n<p>Caderneta de Sa\u00fade da Crian\u00e7a ganha vers\u00e3o digital: fam\u00edlias receber\u00e3o alertas para a vacina\u00e7\u00e3o das crian\u00e7as<\/p>\n\n\n\n<p>Como parte das a\u00e7\u00f5es voltadas \u00e0 sa\u00fade infantil, o Minist\u00e9rio da Sa\u00fade lan\u00e7a a&nbsp;Caderneta Digital de Sa\u00fade da Crian\u00e7a, agora integrada ao aplicativo Meu SUS Digital. Os dados ser\u00e3o lan\u00e7ados em tempo real por meio da&nbsp;Rede Nacional de Dados em Sa\u00fade. De forma in\u00e9dita, as fam\u00edlias poder\u00e3o acompanhar o hist\u00f3rico de vacinas, com previs\u00e3o para as pr\u00f3ximas doses e envio de notifica\u00e7\u00f5es com lembretes para a hora de vacinar a crian\u00e7a.&nbsp;<\/p>\n\n\n\n<p>O ministro detalhou os avan\u00e7os e a praticidade que a Caderneta Digital de Sa\u00fade da Crian\u00e7a trar\u00e1 para as fam\u00edlias e como auxiliar\u00e1 na promo\u00e7\u00e3o da sa\u00fade infantil. &#8220;S\u00e3o duas novidades que v\u00eam com a caderneta digital, duas grandes vantagens para os pais. A primeira \u00e9 o simples fato de ela existir: aquela situa\u00e7\u00e3o em que o pai ou a m\u00e3e chega \u00e0 unidade de sa\u00fade ou \u00e0 escola e esquece a caderneta f\u00edsica, agora est\u00e1 resolvida \u2014 ela estar\u00e1 dispon\u00edvel no aplicativo. A outra \u00e9 que a caderneta digital ter\u00e1 mensagens ativas, ou seja, vai enviar alertas para o respons\u00e1vel informando que chegou a hora de vacinar ou de tomar uma dose de refor\u00e7o\u201d, explicou Padilha.&nbsp;<\/p>\n\n\n\n<p>Com a vers\u00e3o digital da Caderneta, pais, m\u00e3es, respons\u00e1veis e cuidadores ganham uma nova aliada na promo\u00e7\u00e3o da sa\u00fade infantil. Pelo celular, as fam\u00edlias ter\u00e3o acesso a informa\u00e7\u00f5es essenciais sobre os cuidados e o desenvolvimento das crian\u00e7as desde os primeiros dias de vida. Ela re\u00fane duas \u00e1reas fundamentais de aten\u00e7\u00e3o \u00e0 sa\u00fade infantil: Registros de Sa\u00fade e Cuidados da Fam\u00edlia.&nbsp;<\/p>\n\n\n\n<p>Na se\u00e7\u00e3o Registros de Sa\u00fade, \u00e9 poss\u00edvel acompanhar um panorama completo da sa\u00fade da crian\u00e7a, com informa\u00e7\u00f5es sobre vacina\u00e7\u00e3o, crescimento, desenvolvimento infantil, sa\u00fade bucal e o hist\u00f3rico cl\u00ednico. J\u00e1 a \u00e1rea de Cuidados da Fam\u00edlia oferece conte\u00fados interativos e educativos, com orienta\u00e7\u00f5es pr\u00e1ticas sobre amamenta\u00e7\u00e3o, alimenta\u00e7\u00e3o saud\u00e1vel, preven\u00e7\u00e3o de acidentes, uso consciente de eletr\u00f4nicos, combate \u00e0 viol\u00eancia, prematuridade e outros aspectos essenciais para o bem-estar infantil. Todos os conte\u00fados educativos da vers\u00e3o f\u00edsica da Caderneta agora tamb\u00e9m est\u00e3o dispon\u00edveis de forma digital e interativa, em um espa\u00e7o exclusivo no app.&nbsp;<\/p>\n\n\n\n<p>Como acessar a Caderneta Digital de Sa\u00fade da Crian\u00e7a<\/p>\n\n\n\n<p>O acesso \u00e0 Caderneta Digital de Sa\u00fade da Crian\u00e7a no aplicativo&nbsp;Meu SUS Digital&nbsp;\u00e9 simples e permite que pais e respons\u00e1veis acompanhem de perto a sa\u00fade e o desenvolvimento infantil. Para utilizar o servi\u00e7o, \u00e9 necess\u00e1rio que tanto o respons\u00e1vel quanto a crian\u00e7a possuam contas ativas no&nbsp;Gov.br.&nbsp;<\/p>\n\n\n\n<p>Confira o passo a passo para utilizar o servi\u00e7o:<\/p>\n\n\n\n<ol class=\"wp-block-list\">\n<li>Instale o aplicativo<\/li>\n<\/ol>\n\n\n\n<p>Baixe o aplicativo&nbsp;Meu SUS Digital&nbsp;gratuitamente nas lojas oficiais:<\/p>\n\n\n\n<p>App Store (iOS)<\/p>\n\n\n\n<p>Google Play (Android)<\/p>\n\n\n\n<p>Ou acesse a vers\u00e3o web<\/p>\n\n\n\n<ol start=\"2\" class=\"wp-block-list\">\n<li>Entre na sua conta<\/li>\n<\/ol>\n\n\n\n<p>Abra o aplicativo&nbsp;Meu SUS Digital<\/p>\n\n\n\n<p>Fa\u00e7a login com seu&nbsp;CPF e senha do Gov.br<\/p>\n\n\n\n<ol start=\"3\" class=\"wp-block-list\">\n<li>Acesse a Caderneta da Crian\u00e7a<\/li>\n<\/ol>\n\n\n\n<p>Na tela inicial, v\u00e1 at\u00e9 a se\u00e7\u00e3o&nbsp;Miniapps<\/p>\n\n\n\n<p>Selecione o miniapp&nbsp;&#8220;Caderneta da Crian\u00e7a&#8221;<\/p>\n\n\n\n<p>Clique em&nbsp;&#8220;Adicionar nova crian\u00e7a&#8221;<\/p>\n\n\n\n<p>Leia e aceite o&nbsp;Termo de Responsabilidade<\/p>\n\n\n\n<p>Informe o&nbsp;CPF da crian\u00e7ae a&nbsp;senha da conta Gov.br&nbsp;dela<\/p>\n\n\n\n<p>Ap\u00f3s a valida\u00e7\u00e3o, a crian\u00e7a ser\u00e1 vinculada \u00e0 sua conta, e a caderneta estar\u00e1 dispon\u00edvel&nbsp;<\/p>\n\n\n\n<p>Ap\u00f3s esse processo, o respons\u00e1vel ter\u00e1 acesso \u00e0 Caderneta da Crian\u00e7a e poder\u00e1 acompanhar dados tudo direto do celular ou navegador com praticidade e seguran\u00e7a.<\/p>\n\n\n\n<p><\/p>\n","protected":false},"excerpt":{"rendered":"<p>Cr\u00e9dito: banco de dados do Canva Iniciativa da Sa\u00fade e da Educa\u00e7\u00e3o est\u00e1 voltada para alunos de at\u00e9 15 anos.&hellip;<\/p>\n","protected":false},"author":1,"featured_media":7,"comment_status":"open","ping_status":"open","sticky":false,"template":"","format":"standard","meta":{"footnotes":""},"categories":[2],"tags":[],"class_list":["post-6","post","type-post","status-publish","format-standard","has-post-thumbnail","hentry","category-noticias"],"_links":{"self":[{"href":"https:\/\/queridabh.com.br\/index.php\/wp-json\/wp\/v2\/posts\/6","targetHints":{"allow":["GET"]}}],"collection":[{"href":"https:\/\/queridabh.com.br\/index.php\/wp-json\/wp\/v2\/posts"}],"about":[{"href":"https:\/\/queridabh.com.br\/index.php\/wp-json\/wp\/v2\/types\/post"}],"author":[{"embeddable":true,"href":"https:\/\/queridabh.com.br\/index.php\/wp-json\/wp\/v2\/users\/1"}],"replies":[{"embeddable":true,"href":"https:\/\/queridabh.com.br\/index.php\/wp-json\/wp\/v2\/comments?post=6"}],"version-history":[{"count":1,"href":"https:\/\/queridabh.com.br\/index.php\/wp-json\/wp\/v2\/posts\/6\/revisions"}],"predecessor-version":[{"id":8,"href":"https:\/\/queridabh.com.br\/index.php\/wp-json\/wp\/v2\/posts\/6\/revisions\/8"}],"wp:featuredmedia":[{"embeddable":true,"href":"https:\/\/queridabh.com.br\/index.php\/wp-json\/wp\/v2\/media\/7"}],"wp:attachment":[{"href":"https:\/\/queridabh.com.br\/index.php\/wp-json\/wp\/v2\/media?parent=6"}],"wp:term":[{"taxonomy":"category","embeddable":true,"href":"https:\/\/queridabh.com.br\/index.php\/wp-json\/wp\/v2\/categories?post=6"},{"taxonomy":"post_tag","embeddable":true,"href":"https:\/\/queridabh.com.br\/index.php\/wp-json\/wp\/v2\/tags?post=6"}],"curies":[{"name":"wp","href":"https:\/\/api.w.org\/{rel}","templated":true}]}}