{"id":641,"date":"2025-09-18T19:38:52","date_gmt":"2025-09-18T22:38:52","guid":{"rendered":"https:\/\/queridabh.com.br\/?p=641"},"modified":"2025-09-18T19:38:52","modified_gmt":"2025-09-18T22:38:52","slug":"webinar-propoe-reflexao-sobre-o-papel-estrategico-do-rh-e-o-cuidado-com-quem-cuida-das-organizacoes","status":"publish","type":"post","link":"https:\/\/queridabh.com.br\/index.php\/2025\/09\/18\/webinar-propoe-reflexao-sobre-o-papel-estrategico-do-rh-e-o-cuidado-com-quem-cuida-das-organizacoes\/","title":{"rendered":"Webinar prop\u00f5e reflex\u00e3o sobre o papel estrat\u00e9gico do RH e o cuidado com quem cuida das organiza\u00e7\u00f5es"},"content":{"rendered":"\n<p>A psic\u00f3loga e especialista em gest\u00e3o de carreira, Bruna Antonucci, realiza, no dia 23\/09, \u00e0 partir de 8h, um webinar gratuito com um convite provocativo e necess\u00e1rio; \u201cQuem cuida de quem cuida?\u201d, \u00e9 o tema do evento, voltado a profissionais de Recursos Humanos. O objetivo \u00e9 discutir a urg\u00eancia de olhar para a pr\u00f3pria \u00e1rea de RH como uma frente que tamb\u00e9m precisa de investimento, desenvolvimento e protagonismo dentro das empresas.<\/p>\n\n\n\n<p>Para participar, \u00e9 necess\u00e1rio se inscrever atrav\u00e9s de um formul\u00e1rio no <a href=\"https:\/\/docs.google.com\/forms\/d\/e\/1FAIpQLSdVcm1e52Zo6f0F0d-LtZi29RLZNTx0Qj5xuJgJ83jHle_BEQ\/viewform\">link<\/a>. A iniciativa surge da percep\u00e7\u00e3o de que, embora o setor de Recursos Humanos seja tradicionalmente respons\u00e1vel por apoiar colaboradores, formar lideran\u00e7as e desenhar trilhas de capacita\u00e7\u00e3o, muitas vezes n\u00e3o recebe a devida aten\u00e7\u00e3o no que diz respeito ao pr\u00f3prio fortalecimento t\u00e9cnico e estrat\u00e9gico.<\/p>\n\n\n\n<p>A psic\u00f3loga ressalta que o objetivo do webinar \u00e9 tamb\u00e9m criar um ambiente de escuta, troca de experi\u00eancias e inspira\u00e7\u00e3o. \u201cO RH precisa deixar de ser visto apenas como o \u2018cuidador\u2019 da empresa. Ele tamb\u00e9m \u00e9 gente, tamb\u00e9m precisa de suporte, de atualiza\u00e7\u00e3o, de espa\u00e7o para se fortalecer\u201d, destaca. A proposta final \u00e9 mobilizar um movimento de valoriza\u00e7\u00e3o interna da \u00e1rea, garantindo que seus profissionais se sintam encorajados a ocupar posi\u00e7\u00f5es de mais influ\u00eancia e impacto.<\/p>\n","protected":false},"excerpt":{"rendered":"<p>A psic\u00f3loga e especialista em gest\u00e3o de carreira, Bruna Antonucci, realiza, no dia 23\/09, \u00e0 partir de 8h, um webinar&hellip;<\/p>\n","protected":false},"author":2,"featured_media":642,"comment_status":"open","ping_status":"open","sticky":false,"template":"","format":"standard","meta":{"footnotes":""},"categories":[1],"tags":[],"class_list":["post-641","post","type-post","status-publish","format-standard","has-post-thumbnail","hentry","category-sem-categoria"],"_links":{"self":[{"href":"https:\/\/queridabh.com.br\/index.php\/wp-json\/wp\/v2\/posts\/641","targetHints":{"allow":["GET"]}}],"collection":[{"href":"https:\/\/queridabh.com.br\/index.php\/wp-json\/wp\/v2\/posts"}],"about":[{"href":"https:\/\/queridabh.com.br\/index.php\/wp-json\/wp\/v2\/types\/post"}],"author":[{"embeddable":true,"href":"https:\/\/queridabh.com.br\/index.php\/wp-json\/wp\/v2\/users\/2"}],"replies":[{"embeddable":true,"href":"https:\/\/queridabh.com.br\/index.php\/wp-json\/wp\/v2\/comments?post=641"}],"version-history":[{"count":1,"href":"https:\/\/queridabh.com.br\/index.php\/wp-json\/wp\/v2\/posts\/641\/revisions"}],"predecessor-version":[{"id":643,"href":"https:\/\/queridabh.com.br\/index.php\/wp-json\/wp\/v2\/posts\/641\/revisions\/643"}],"wp:featuredmedia":[{"embeddable":true,"href":"https:\/\/queridabh.com.br\/index.php\/wp-json\/wp\/v2\/media\/642"}],"wp:attachment":[{"href":"https:\/\/queridabh.com.br\/index.php\/wp-json\/wp\/v2\/media?parent=641"}],"wp:term":[{"taxonomy":"category","embeddable":true,"href":"https:\/\/queridabh.com.br\/index.php\/wp-json\/wp\/v2\/categories?post=641"},{"taxonomy":"post_tag","embeddable":true,"href":"https:\/\/queridabh.com.br\/index.php\/wp-json\/wp\/v2\/tags?post=641"}],"curies":[{"name":"wp","href":"https:\/\/api.w.org\/{rel}","templated":true}]}}