{"id":66,"date":"2025-04-17T11:12:41","date_gmt":"2025-04-17T14:12:41","guid":{"rendered":"https:\/\/queridabh.com.br\/?p=66"},"modified":"2025-04-17T11:12:41","modified_gmt":"2025-04-17T14:12:41","slug":"inadimplencia-cai-mas-superendividamento-cresce-em-bh","status":"publish","type":"post","link":"https:\/\/queridabh.com.br\/index.php\/2025\/04\/17\/inadimplencia-cai-mas-superendividamento-cresce-em-bh\/","title":{"rendered":"Inadimpl\u00eancia cai, mas superendividamento cresce em BH\u00a0\u00a0"},"content":{"rendered":"\n<p class=\"has-small-font-size\"><em>Cr\u00e9dito: divulga\u00e7\u00e3o<\/em><\/p>\n\n\n\n<p>De acordo com a Pesquisa de Endividamento e Inadimpl\u00eancia do Consumidor (PEIC), analisada pelo N\u00facleo de Pesquisa e Intelig\u00eancia da Fecom\u00e9rcio MG e aplicada pela Confedera\u00e7\u00e3o Nacional do Com\u00e9rcio (CNC), o n\u00edvel de endividamento das fam\u00edlias de Belo Horizonte em mar\u00e7o caiu 0,4 ponto percentual em rela\u00e7\u00e3o a fevereiro, chegando a 89,0 pontos, queda pelo quinto m\u00eas consecutivo.<\/p>\n\n\n\n<p>O percentual dos consumidores com contas em atraso caiu 1,3 p.p. atingindo 52,2% das fam\u00edlias. J\u00e1 as fam\u00edlias que admitem que n\u00e3o conseguir\u00e3o pagar as contas em abril somam 26,0% em mar\u00e7o, em fevereiro eram 26,3%. As fam\u00edlias superendividadas, que \u00e9 quando a renda consome mais de 50% do or\u00e7amento mensal, somam 27,9%, do total em mar\u00e7o, crescimento de 2,6 p.p sobre fevereiro. Gabriela Martins, economista da Fecom\u00e9rcio MG, explica que esse alto comprometimento da renda das fam\u00edlias com o pagamento de d\u00edvidas pode gerar impactos negativos diretos ao com\u00e9rcio. \u201cDe maneira geral, quando as fam\u00edlias est\u00e3o muitos endividadas elas tendem a reduzir os seus gastos. Apesar disso, o que nos preocupa \u00e9 quando este endividamento muito elevado acarreta o aumento da inadimpl\u00eancia, o que restringe o acesso ao cr\u00e9dito e, consequentemente, faz com que as vendas do com\u00e9rcio retraiam\u201d, explica Martins.&nbsp;<\/p>\n\n\n\n<p>Em mar\u00e7o, 33,7% dos consumidores da capital disseram que estavam pouco endividados, 31,6% estavam mais ou menos endividados e 11% diziam n\u00e3o ter d\u00edvidas tais como cheques pr\u00e9-datados, cart\u00f5es de cr\u00e9dito, carn\u00eas de lojas, empr\u00e9stimo pessoal, presta\u00e7\u00e3o de carro e seguro. O percentual dos que se declaram muito endividados \u00e9 de 23,7%. O n\u00edvel de endividamento atinge 90,3% das fam\u00edlias com renda at\u00e9 10 sal\u00e1rios e 81,1% daquelas com renda superior.<\/p>\n\n\n\n<p>O endividamento no cart\u00e3o de cr\u00e9dito afeta 93,1% dos consumidores, 97,9% das fam\u00edlias com renda acima de 10 sal\u00e1rios e 92,3% das fam\u00edlias abaixo daquela faixa de renda. Entre estas \u00faltimas, 33,4% acumulam d\u00edvidas em carn\u00eas de loja. Entre as de maior renda, o financiamento do carro vem em segundo lugar como fator de endividamento alcan\u00e7ando 23,8% delas.<\/p>\n\n\n\n<p>A inadimpl\u00eancia \u00e9 9,3% maior entre as fam\u00edlias com renda igual ou inferior a dez sal\u00e1rios, 53,6% do que entre as fam\u00edlias com sal\u00e1rios maiores, 44,3%. J\u00e1 entre os consumidores que est\u00e3o endividados, 58,7% est\u00e3o com d\u00edvidas em atraso.<\/p>\n\n\n\n<p>Conforme a pesquisa, 51,5% das fam\u00edlias com renda igual ou inferior a dez sal\u00e1rios-m\u00ednimos n\u00e3o ter\u00e3o condi\u00e7\u00f5es de quitar as d\u00edvidas no pr\u00f3ximo m\u00eas. Entre aquelas de maior renda, esse percentual cai para 38,9%. Considerando os indiv\u00edduos com d\u00edvidas atrasadas, 49,8% disseram que n\u00e3o ter\u00e3o condi\u00e7\u00f5es de honrar, em abril, com os compromissos adquiridos.<\/p>\n\n\n\n<p>As fam\u00edlias de renda mais baixa s\u00e3o as que t\u00eam mais contas vencidas acima de tr\u00eas meses perfazendo um total de 54,1% delas. Entre as fam\u00edlias com ganhos acima de 10 sal\u00e1rios, 42,0% t\u00eam d\u00edvidas atrasadas acima de 90 dias. J\u00e1 entre os consumidores da cidade, 52,5% acumulam d\u00edvidas acima de 90 dias. As fam\u00edlias que possuem compromissos financeiros por tempo igual ou superior a 90 dias somam 79,3% do total, sendo que o tempo m\u00e9dio de comprometimento da renda \u00e9 de 8,1 meses.<\/p>\n\n\n\n<p>Gabriela, ressalta que a grande preocupa\u00e7\u00e3o no que tange o momento financeiro das fam\u00edlias belo-horizontinas encontra-se no n\u00famero alto de pessoas com contas em atraso e que n\u00e3o que n\u00e3o ter\u00e3o condi\u00e7\u00f5es de pagar suas d\u00edvidas j\u00e1 atrasadas. \u201cApesar da retra\u00e7\u00e3o pelo quarto m\u00eas consecutivo, o patamar de fam\u00edlias com contas em atraso permanece muito alto em Belo Horizonte. Esse percentual representa quase a metade das fam\u00edlias e gera uma preocupa\u00e7\u00e3o quanto ao acesso ao cr\u00e9dito e consequentemente a disponibilidade para consumir. Como descrito anteriormente, para o com\u00e9rcio \u00e9 essencial que os consumidores tenham um bom acesso aos meios de cr\u00e9dito e a boa sa\u00fade financeira das fam\u00edlias \u00e9 uma garantia para um consumidor menos cauteloso\u201d, explica Martins.<\/p>\n\n\n\n<p><\/p>\n","protected":false},"excerpt":{"rendered":"<p>Cr\u00e9dito: divulga\u00e7\u00e3o De acordo com a Pesquisa de Endividamento e Inadimpl\u00eancia do Consumidor (PEIC), analisada pelo N\u00facleo de Pesquisa e&hellip;<\/p>\n","protected":false},"author":1,"featured_media":67,"comment_status":"open","ping_status":"open","sticky":false,"template":"","format":"standard","meta":{"footnotes":""},"categories":[11,2],"tags":[],"class_list":["post-66","post","type-post","status-publish","format-standard","has-post-thumbnail","hentry","category-cidade","category-noticias"],"_links":{"self":[{"href":"https:\/\/queridabh.com.br\/index.php\/wp-json\/wp\/v2\/posts\/66","targetHints":{"allow":["GET"]}}],"collection":[{"href":"https:\/\/queridabh.com.br\/index.php\/wp-json\/wp\/v2\/posts"}],"about":[{"href":"https:\/\/queridabh.com.br\/index.php\/wp-json\/wp\/v2\/types\/post"}],"author":[{"embeddable":true,"href":"https:\/\/queridabh.com.br\/index.php\/wp-json\/wp\/v2\/users\/1"}],"replies":[{"embeddable":true,"href":"https:\/\/queridabh.com.br\/index.php\/wp-json\/wp\/v2\/comments?post=66"}],"version-history":[{"count":1,"href":"https:\/\/queridabh.com.br\/index.php\/wp-json\/wp\/v2\/posts\/66\/revisions"}],"predecessor-version":[{"id":68,"href":"https:\/\/queridabh.com.br\/index.php\/wp-json\/wp\/v2\/posts\/66\/revisions\/68"}],"wp:featuredmedia":[{"embeddable":true,"href":"https:\/\/queridabh.com.br\/index.php\/wp-json\/wp\/v2\/media\/67"}],"wp:attachment":[{"href":"https:\/\/queridabh.com.br\/index.php\/wp-json\/wp\/v2\/media?parent=66"}],"wp:term":[{"taxonomy":"category","embeddable":true,"href":"https:\/\/queridabh.com.br\/index.php\/wp-json\/wp\/v2\/categories?post=66"},{"taxonomy":"post_tag","embeddable":true,"href":"https:\/\/queridabh.com.br\/index.php\/wp-json\/wp\/v2\/tags?post=66"}],"curies":[{"name":"wp","href":"https:\/\/api.w.org\/{rel}","templated":true}]}}