{"id":69,"date":"2025-04-17T11:17:26","date_gmt":"2025-04-17T14:17:26","guid":{"rendered":"https:\/\/queridabh.com.br\/?p=69"},"modified":"2025-04-17T11:17:26","modified_gmt":"2025-04-17T14:17:26","slug":"aumento-de-ataques-de-caes-reforca-urgencia-por-medidas-no-hipercentro-de-bh","status":"publish","type":"post","link":"https:\/\/queridabh.com.br\/index.php\/2025\/04\/17\/aumento-de-ataques-de-caes-reforca-urgencia-por-medidas-no-hipercentro-de-bh\/","title":{"rendered":"Aumento de ataques de c\u00e3es refor\u00e7a urg\u00eancia por medidas no Hipercentro de BH"},"content":{"rendered":"\n<p class=\"has-small-font-size\">Cr\u00e9dito: banco de dados do Canva<\/p>\n\n\n\n<p>O n\u00famero de ataques de c\u00e3es em Minas Gerais aumentou quase 40% em 2025, segundo levantamento divulgado pela R\u00e1dio Itatiaia. O dado preocupa ainda mais moradores e comerciantes do Hipercentro de Belo Horizonte, onde o abandono de c\u00e3es e a inseguran\u00e7a na regi\u00e3o central t\u00eam sido motivo de constantes reclama\u00e7\u00f5es.<\/p>\n\n\n\n<p>A crescente presen\u00e7a de c\u00e3es soltos nas ruas, somada \u00e0 falta de pol\u00edticas p\u00fablicas eficazes para o acolhimento desses animais, tem gerado riscos para a popula\u00e7\u00e3o. Diante desse cen\u00e1rio, um abaixo-assinado que cobra solu\u00e7\u00f5es do poder p\u00fablico j\u00e1 mobiliza assinaturas. O documento pede medidas urgentes para garantir seguran\u00e7a e dignidade tanto para os moradores quanto para os animais.<\/p>\n\n\n\n<p>A peti\u00e7\u00e3o est\u00e1 aberta para ades\u00e3o da popula\u00e7\u00e3o e pode ser acessada em: https:\/\/chng.it\/4NhQVCBxtQ<\/p>\n","protected":false},"excerpt":{"rendered":"<p>Cr\u00e9dito: banco de dados do Canva O n\u00famero de ataques de c\u00e3es em Minas Gerais aumentou quase 40% em 2025,&hellip;<\/p>\n","protected":false},"author":1,"featured_media":70,"comment_status":"open","ping_status":"open","sticky":false,"template":"","format":"standard","meta":{"footnotes":""},"categories":[11],"tags":[],"class_list":["post-69","post","type-post","status-publish","format-standard","has-post-thumbnail","hentry","category-cidade"],"_links":{"self":[{"href":"https:\/\/queridabh.com.br\/index.php\/wp-json\/wp\/v2\/posts\/69","targetHints":{"allow":["GET"]}}],"collection":[{"href":"https:\/\/queridabh.com.br\/index.php\/wp-json\/wp\/v2\/posts"}],"about":[{"href":"https:\/\/queridabh.com.br\/index.php\/wp-json\/wp\/v2\/types\/post"}],"author":[{"embeddable":true,"href":"https:\/\/queridabh.com.br\/index.php\/wp-json\/wp\/v2\/users\/1"}],"replies":[{"embeddable":true,"href":"https:\/\/queridabh.com.br\/index.php\/wp-json\/wp\/v2\/comments?post=69"}],"version-history":[{"count":1,"href":"https:\/\/queridabh.com.br\/index.php\/wp-json\/wp\/v2\/posts\/69\/revisions"}],"predecessor-version":[{"id":71,"href":"https:\/\/queridabh.com.br\/index.php\/wp-json\/wp\/v2\/posts\/69\/revisions\/71"}],"wp:featuredmedia":[{"embeddable":true,"href":"https:\/\/queridabh.com.br\/index.php\/wp-json\/wp\/v2\/media\/70"}],"wp:attachment":[{"href":"https:\/\/queridabh.com.br\/index.php\/wp-json\/wp\/v2\/media?parent=69"}],"wp:term":[{"taxonomy":"category","embeddable":true,"href":"https:\/\/queridabh.com.br\/index.php\/wp-json\/wp\/v2\/categories?post=69"},{"taxonomy":"post_tag","embeddable":true,"href":"https:\/\/queridabh.com.br\/index.php\/wp-json\/wp\/v2\/tags?post=69"}],"curies":[{"name":"wp","href":"https:\/\/api.w.org\/{rel}","templated":true}]}}