{"id":756,"date":"2025-10-08T17:07:28","date_gmt":"2025-10-08T20:07:28","guid":{"rendered":"https:\/\/queridabh.com.br\/?p=756"},"modified":"2025-10-08T17:07:28","modified_gmt":"2025-10-08T20:07:28","slug":"arquitetura-e-gastronomia-se-encontram-livea-esteves-recebe-bruna-martins-na-casa-brastemp-na-casacor-minas","status":"publish","type":"post","link":"https:\/\/queridabh.com.br\/index.php\/2025\/10\/08\/arquitetura-e-gastronomia-se-encontram-livea-esteves-recebe-bruna-martins-na-casa-brastemp-na-casacor-minas\/","title":{"rendered":"Arquitetura e gastronomia se encontram: L\u00edvea Esteves recebe Bruna Martins na Casa Brastemp, na Casacor Minas"},"content":{"rendered":"\n<p>O evento ocorreu na Casacor Minas 30 anos, no espa\u00e7o assinado pela arquiteta<\/p>\n\n\n\n<p>A arquiteta L\u00edvea Esteves recebeu, no m\u00eas de setembro, a chef Bruna Martins, dona dos restaurantes Gata Gorda, Florestal e Birosca, na Casa Brastemp, ambiente assinado por L\u00edvea na Casacor Minas.<\/p>\n\n\n\n<p>Durante o encontro, Bruna apresentou como a cozinha mineira pode se reinventar com o uso da Linha Eclipse Collection, destacando a tecnologia dos eletrodom\u00e9sticos Brastemp. \u201cPot\u00eancia, convec\u00e7\u00e3o por igual, finaliza\u00e7\u00e3o \u00e1gil e organiza\u00e7\u00e3o \u00e0 vista. Tecnologia que soma sem tirar a alma\u201d, conta.<\/p>\n\n\n\n<figure class=\"wp-block-image size-full\"><img loading=\"lazy\" decoding=\"async\" width=\"960\" height=\"750\" src=\"https:\/\/queridabh.com.br\/wp-content\/uploads\/2025\/10\/960x750-69.jpg\" alt=\"\" class=\"wp-image-758\" srcset=\"https:\/\/queridabh.com.br\/wp-content\/uploads\/2025\/10\/960x750-69.jpg 960w, https:\/\/queridabh.com.br\/wp-content\/uploads\/2025\/10\/960x750-69-300x234.jpg 300w, https:\/\/queridabh.com.br\/wp-content\/uploads\/2025\/10\/960x750-69-768x600.jpg 768w\" sizes=\"auto, (max-width: 960px) 100vw, 960px\" \/><figcaption class=\"wp-element-caption\">Cr\u00e9dito: Olharr<\/figcaption><\/figure>\n\n\n\n<p>Para L\u00edvea, a gastronomia sempre foi muito importante em seu escrit\u00f3rio e o evento refor\u00e7ou essa conex\u00e3o entre design e culin\u00e1ria. \u201cA uni\u00e3o entre um ambiente feito para demonstrar os eletrodom\u00e9sticos da marca, boa comida e v\u00e1rios arquitetos foi uma combina\u00e7\u00e3o perfeita para celebrar e demonstrar a performance dos equipamentos\u201d, afirma.<\/p>\n\n\n\n<p>O evento reuniu convidados em um momento de trocas e sabores, com receitas exclusivas preparadas pela chef.<\/p>\n","protected":false},"excerpt":{"rendered":"<p>O evento ocorreu na Casacor Minas 30 anos, no espa\u00e7o assinado pela arquiteta A arquiteta L\u00edvea Esteves recebeu, no m\u00eas&hellip;<\/p>\n","protected":false},"author":2,"featured_media":757,"comment_status":"open","ping_status":"open","sticky":false,"template":"","format":"standard","meta":{"footnotes":""},"categories":[1],"tags":[],"class_list":["post-756","post","type-post","status-publish","format-standard","has-post-thumbnail","hentry","category-sem-categoria"],"_links":{"self":[{"href":"https:\/\/queridabh.com.br\/index.php\/wp-json\/wp\/v2\/posts\/756","targetHints":{"allow":["GET"]}}],"collection":[{"href":"https:\/\/queridabh.com.br\/index.php\/wp-json\/wp\/v2\/posts"}],"about":[{"href":"https:\/\/queridabh.com.br\/index.php\/wp-json\/wp\/v2\/types\/post"}],"author":[{"embeddable":true,"href":"https:\/\/queridabh.com.br\/index.php\/wp-json\/wp\/v2\/users\/2"}],"replies":[{"embeddable":true,"href":"https:\/\/queridabh.com.br\/index.php\/wp-json\/wp\/v2\/comments?post=756"}],"version-history":[{"count":1,"href":"https:\/\/queridabh.com.br\/index.php\/wp-json\/wp\/v2\/posts\/756\/revisions"}],"predecessor-version":[{"id":759,"href":"https:\/\/queridabh.com.br\/index.php\/wp-json\/wp\/v2\/posts\/756\/revisions\/759"}],"wp:featuredmedia":[{"embeddable":true,"href":"https:\/\/queridabh.com.br\/index.php\/wp-json\/wp\/v2\/media\/757"}],"wp:attachment":[{"href":"https:\/\/queridabh.com.br\/index.php\/wp-json\/wp\/v2\/media?parent=756"}],"wp:term":[{"taxonomy":"category","embeddable":true,"href":"https:\/\/queridabh.com.br\/index.php\/wp-json\/wp\/v2\/categories?post=756"},{"taxonomy":"post_tag","embeddable":true,"href":"https:\/\/queridabh.com.br\/index.php\/wp-json\/wp\/v2\/tags?post=756"}],"curies":[{"name":"wp","href":"https:\/\/api.w.org\/{rel}","templated":true}]}}