{"id":841,"date":"2025-10-31T14:59:51","date_gmt":"2025-10-31T17:59:51","guid":{"rendered":"https:\/\/queridabh.com.br\/?p=841"},"modified":"2025-10-31T14:59:51","modified_gmt":"2025-10-31T17:59:51","slug":"estudantes-maristas-se-reunem-para-o-encontro-de-jovens-maristas-regional-bh-2025","status":"publish","type":"post","link":"https:\/\/queridabh.com.br\/index.php\/2025\/10\/31\/estudantes-maristas-se-reunem-para-o-encontro-de-jovens-maristas-regional-bh-2025\/","title":{"rendered":"Estudantes maristas se re\u00fanem para o Encontro de Jovens Maristas Regional BH 2025"},"content":{"rendered":"\n<p>Primeira edi\u00e7\u00e3o regional ser\u00e1 realizada entre 31 de outubro e 1\u00ba de novembro, no Col\u00e9gio Marista Nossa Senhora da Penha, em Vila Velha (ES), com o tema \u201cEsperan\u00e7a no horizonte, voz na caminhada\u201d<\/p>\n\n\n\n<p><br>Estudantes das unidades Maristas da regional Belo Horizonte participam, hoje e amanh\u00e3, da primeira edi\u00e7\u00e3o do Encontro de Jovens Maristas (EJM) Regional Belo Horizonte, que ser\u00e1 realizada no Col\u00e9gio Marista Nossa Senhora da Penha, em Vila Velha (ES). O evento reunir\u00e1 cerca de 150 estudantes e 20 educadores, de 10 col\u00e9gios, em dois dias de atividades voltadas \u00e0 espiritualidade, forma\u00e7\u00e3o humana e protagonismo juvenil.<\/p>\n\n\n\n<p><br>Com o tema \u201cEsperan\u00e7a no horizonte, voz na caminhada\u201d, o EJM 2025 prop\u00f5e refletir sobre o papel das juventudes na constru\u00e7\u00e3o de um mundo mais solid\u00e1rio, sustent\u00e1vel e comprometido com o bem comum. A proposta do encontro \u00e9 ser um espa\u00e7o de celebra\u00e7\u00e3o, conviv\u00eancia e forma\u00e7\u00e3o, promovendo o di\u00e1logo, a escuta ativa e a viv\u00eancia dos valores maristas.<\/p>\n\n\n\n<p><br>Durante o evento, os jovens participar\u00e3o de uma programa\u00e7\u00e3o diversificada que inclui luau orante, peregrina\u00e7\u00e3o ao Convento da Penha, oficinas de forma\u00e7\u00e3o sobre espiritualidade marista, m\u00eddias digitais, protagonismo juvenil e cuidado com a Casa Comum, al\u00e9m de momentos de integra\u00e7\u00e3o e partilha. Cada atividade foi pensada para fortalecer a identidade marista, incentivar o engajamento socioambiental e inspirar escolhas conscientes para a vida.<\/p>\n\n\n\n<p><br>De acordo com os organizadores, o EJM Regional BH nasce com o objetivo de fortalecer os v\u00ednculos fraternos e comunit\u00e1rios entre os estudantes maristas da regi\u00e3o, promovendo experi\u00eancias transformadoras e um olhar mais humano sobre a educa\u00e7\u00e3o. \u201cViver o EJM \u00e9 promover com as juventudes o compromisso de construir a civiliza\u00e7\u00e3o do amor e do cuidado com a nossa Casa Comum\u201d, afirma o assessor Regional de Identidade, Miss\u00e3o e Voca\u00e7\u00e3o Paulo Henrique Cavalcanti.<\/p>\n\n\n\n<p><br>Inspirado na espiritualidade e no carisma de S\u00e3o Marcelino Champagnat, o encontro convida os jovens a reconhecerem seu papel como protagonistas da pr\u00f3pria hist\u00f3ria e agentes de transforma\u00e7\u00e3o social. Mais do que um evento, o EJM representa um movimento de f\u00e9, escuta e a\u00e7\u00e3o, em que cada voz jovem \u00e9 valorizada como parte essencial da caminhada coletiva rumo a um futuro mais justo e fraterno.<\/p>\n\n\n\n<p><br>Participar\u00e3o do evento estudantes de diversas unidades Maristas, como col\u00e9gios Marista Padre Eust\u00e1quio e Dom Silv\u00e9rio (Belo Horizonte), S\u00e3o Jos\u00e9 Montes Claros, Diocesano, Patos de Minas (Minas Gerais), S\u00e3o Jos\u00e9-Barra e S\u00e3o Jos\u00e9-Tijuca (Rio de Janeiro), Nossa Senhora da Penha, Terra Vermelha e Colatina (Esp\u00edrito Santo). A presen\u00e7a dessas unidades refor\u00e7a o car\u00e1ter regional, inclusivo e colaborativo do encontro, promovendo a troca de experi\u00eancias, o fortalecimento de v\u00ednculos entre jovens e educadores e a constru\u00e7\u00e3o coletiva de solu\u00e7\u00f5es para os desafios e esperan\u00e7as das juventudes maristas.<\/p>\n","protected":false},"excerpt":{"rendered":"<p>Primeira edi\u00e7\u00e3o regional ser\u00e1 realizada entre 31 de outubro e 1\u00ba de novembro, no Col\u00e9gio Marista Nossa Senhora da Penha,&hellip;<\/p>\n","protected":false},"author":2,"featured_media":842,"comment_status":"open","ping_status":"open","sticky":false,"template":"","format":"standard","meta":{"footnotes":""},"categories":[1],"tags":[],"class_list":["post-841","post","type-post","status-publish","format-standard","has-post-thumbnail","hentry","category-sem-categoria"],"_links":{"self":[{"href":"https:\/\/queridabh.com.br\/index.php\/wp-json\/wp\/v2\/posts\/841","targetHints":{"allow":["GET"]}}],"collection":[{"href":"https:\/\/queridabh.com.br\/index.php\/wp-json\/wp\/v2\/posts"}],"about":[{"href":"https:\/\/queridabh.com.br\/index.php\/wp-json\/wp\/v2\/types\/post"}],"author":[{"embeddable":true,"href":"https:\/\/queridabh.com.br\/index.php\/wp-json\/wp\/v2\/users\/2"}],"replies":[{"embeddable":true,"href":"https:\/\/queridabh.com.br\/index.php\/wp-json\/wp\/v2\/comments?post=841"}],"version-history":[{"count":1,"href":"https:\/\/queridabh.com.br\/index.php\/wp-json\/wp\/v2\/posts\/841\/revisions"}],"predecessor-version":[{"id":843,"href":"https:\/\/queridabh.com.br\/index.php\/wp-json\/wp\/v2\/posts\/841\/revisions\/843"}],"wp:featuredmedia":[{"embeddable":true,"href":"https:\/\/queridabh.com.br\/index.php\/wp-json\/wp\/v2\/media\/842"}],"wp:attachment":[{"href":"https:\/\/queridabh.com.br\/index.php\/wp-json\/wp\/v2\/media?parent=841"}],"wp:term":[{"taxonomy":"category","embeddable":true,"href":"https:\/\/queridabh.com.br\/index.php\/wp-json\/wp\/v2\/categories?post=841"},{"taxonomy":"post_tag","embeddable":true,"href":"https:\/\/queridabh.com.br\/index.php\/wp-json\/wp\/v2\/tags?post=841"}],"curies":[{"name":"wp","href":"https:\/\/api.w.org\/{rel}","templated":true}]}}