{"id":899,"date":"2025-11-28T15:18:01","date_gmt":"2025-11-28T18:18:01","guid":{"rendered":"https:\/\/queridabh.com.br\/?p=899"},"modified":"2025-11-28T15:18:01","modified_gmt":"2025-11-28T18:18:01","slug":"grupo-mineiro-de-pagode-contagia-belo-horizonte-com-novo-album-ao-vivo","status":"publish","type":"post","link":"https:\/\/queridabh.com.br\/index.php\/2025\/11\/28\/grupo-mineiro-de-pagode-contagia-belo-horizonte-com-novo-album-ao-vivo\/","title":{"rendered":"Grupo mineiro de pagode contagia Belo Horizonte com novo \u00e1lbum ao vivo"},"content":{"rendered":"\n<h3 class=\"wp-block-heading\"><em>Nascidos e criados no cen\u00e1rio musical da capital mineira, Pagode do NS apresenta primeiro trabalho audiovisual com grava\u00e7\u00e3o ao vivo e repert\u00f3rio ecl\u00e9tico<\/em><\/h3>\n\n\n\n<p>Ao longo dos \u00faltimos oito anos, o grupo Pagode do NS veio criando ra\u00edzes e estabelecendo seu espa\u00e7o no cen\u00e1rio art\u00edstico de Belo Horizonte. Agora, no finalzinho de 2025, o sexteto mineiro se prepara para um lan\u00e7amento que tem bastante da pr\u00f3pria cara e, consequentemente, a cara da capital mineira.&nbsp;<\/p>\n\n\n\n<p>Trata-se do EP Pagode do NS Na Areia 360\u00b0. A ideia \u00e9 de uma grava\u00e7\u00e3o ao vivo em audiovisual para que os f\u00e3s possam assistir e ouvir ao mesmo tempo. O \u00e1lbum foi dividido em tr\u00eas lan\u00e7amentos, sendo o primeiro no dia 14 de novembro e os demais no dia 21 e 28 ainda deste m\u00eas. As faixas s\u00e3o pout-pourri que fazem um resgate dos principais hits que os rapazes apresentam em seus shows.<\/p>\n\n\n\n<p>O repert\u00f3rio conta desde can\u00e7\u00f5es autorais a at\u00e9 regrava\u00e7\u00f5es que marcaram a hist\u00f3ria da m\u00fasica brasileira. Um exemplo \u00e9 o da can\u00e7\u00e3o \u201cEu s\u00f3 quero um xod\u00f3\u201d, eternizada na voz do Dominguinhos. Tamb\u00e9m \u201cDeixa acontecer\u201d, do Revela\u00e7\u00e3o, e ainda \u201cSepara\u00e7\u00e3o\u201d, do Exaltasamba. Al\u00e9m, \u00e9 claro, de \u201cRotina\u201d, can\u00e7\u00e3o de autoria pr\u00f3pria que daqui a pouco ficar\u00e1 dispon\u00edvel.<\/p>\n\n\n\n<p>\u201cEstamos muito felizes em realizar esse sonho. Muito mesmo! H\u00e1 anos nos empenhamos muito para conquistar o nosso espa\u00e7o e sempre priorizamos a boa m\u00fasica em primeiro lugar. Desde que ainda \u00e9ramos moleques e mal sab\u00edamos onde a arte iria nos levar, sempre tivemos esse lema de entregar o melhor poss\u00edvel. E cada vez que nos apresentamos e v\u00edamos nos rostos do p\u00fablico o quanto o nosso som os comoviam, volt\u00e1vamos para casa mais motivados e com a miss\u00e3o de fazer sempre o melhor\u201d, comemora o vocalista, Robertho Sanney.<\/p>\n\n\n\n<p>Entretanto, esse sonho materializado de levar alegria e boa m\u00fasica por onde passam extrapola as apresenta\u00e7\u00f5es ao vivo e chega at\u00e9 a casa das pessoas. \u201cCom o Pagode do NS Na Areia 360\u00b0, al\u00e9m de poder seguir essa miss\u00e3o de contagiar o p\u00fablico em nossos shows, tamb\u00e9m podemos alegrar as pessoas em suas pr\u00f3prias resenhas, nas suas casas, nos seus rol\u00eas, no carro ou onde as pessoas quiserem. \u00c9 s\u00f3 nos procurar nas plataformas digitais\u201d, completa Sanney.<\/p>\n\n\n\n<p>J\u00e1 dispon\u00edvel em todas as plataformas digitais, o disco \u00e9 a grande aposta do grupo para a temporada de ver\u00e3o 2025\/2026. Para acessar, basta clicar no link&nbsp;<a href=\"https:\/\/l.instagram.com\/?u=https%3A%2F%2Fffm.to%2Fody5bwd%3Futm_id%3D1344207247310791_v2_s01_e1002%26fbclid%3DPAZXh0bgNhZW0CMTEAc3J0YwZhcHBfaWQMMjU2MjgxMDQwNTU4CGNhbGxzaXRlAjE1AAGn7rttwsDM2VHFlk2LWIZM18JNt1Ha5yrJ2bEPBw39qbh0XBqd50cv-Y0i90I_aem_DT-Z9F7-I73JwsoSsX3vLg&amp;e=AT0k5rKW2qVDj2Ls6R0mIVzTk5OQclvzzYAutCZembob2AFXwG4D7cdDB18M1nXF2JBV5IwEk0MpJDGmqMAcP55fP-6wOBUU-CX2f5JexADEsLjMO1ok3Fn9Fg\" target=\"_blank\" rel=\"noreferrer noopener\">ffm.to\/ody5bwd<\/a>&nbsp;e escolher qual o streaming preferido para escutar ou assistir.&nbsp;<\/p>\n\n\n\n<p><strong>Contato para shows:&nbsp;<\/strong>(31) 98493-5221<\/p>\n\n\n\n<p><strong>Forma\u00e7\u00e3o do Pagode do NS<\/strong><br>Robertho Sanney \u2013 Vocal<br>Lucas Brum \u2013 Reco-reco<br>Matheus Fernandes \u2013 Pandeiro<br>Pirata \u2013 Cavaquinho<br>Rafael Brum \u2013 Tant\u00e3<br>Pedro Crispim \u2013 Percuss\u00e3o<\/p>\n","protected":false},"excerpt":{"rendered":"<p>Nascidos e criados no cen\u00e1rio musical da capital mineira, Pagode do NS apresenta primeiro trabalho audiovisual com grava\u00e7\u00e3o ao vivo&hellip;<\/p>\n","protected":false},"author":2,"featured_media":900,"comment_status":"open","ping_status":"open","sticky":false,"template":"","format":"standard","meta":{"footnotes":""},"categories":[8],"tags":[],"class_list":["post-899","post","type-post","status-publish","format-standard","has-post-thumbnail","hentry","category-cultura"],"_links":{"self":[{"href":"https:\/\/queridabh.com.br\/index.php\/wp-json\/wp\/v2\/posts\/899","targetHints":{"allow":["GET"]}}],"collection":[{"href":"https:\/\/queridabh.com.br\/index.php\/wp-json\/wp\/v2\/posts"}],"about":[{"href":"https:\/\/queridabh.com.br\/index.php\/wp-json\/wp\/v2\/types\/post"}],"author":[{"embeddable":true,"href":"https:\/\/queridabh.com.br\/index.php\/wp-json\/wp\/v2\/users\/2"}],"replies":[{"embeddable":true,"href":"https:\/\/queridabh.com.br\/index.php\/wp-json\/wp\/v2\/comments?post=899"}],"version-history":[{"count":1,"href":"https:\/\/queridabh.com.br\/index.php\/wp-json\/wp\/v2\/posts\/899\/revisions"}],"predecessor-version":[{"id":901,"href":"https:\/\/queridabh.com.br\/index.php\/wp-json\/wp\/v2\/posts\/899\/revisions\/901"}],"wp:featuredmedia":[{"embeddable":true,"href":"https:\/\/queridabh.com.br\/index.php\/wp-json\/wp\/v2\/media\/900"}],"wp:attachment":[{"href":"https:\/\/queridabh.com.br\/index.php\/wp-json\/wp\/v2\/media?parent=899"}],"wp:term":[{"taxonomy":"category","embeddable":true,"href":"https:\/\/queridabh.com.br\/index.php\/wp-json\/wp\/v2\/categories?post=899"},{"taxonomy":"post_tag","embeddable":true,"href":"https:\/\/queridabh.com.br\/index.php\/wp-json\/wp\/v2\/tags?post=899"}],"curies":[{"name":"wp","href":"https:\/\/api.w.org\/{rel}","templated":true}]}}