{"id":923,"date":"2025-12-10T14:26:01","date_gmt":"2025-12-10T17:26:01","guid":{"rendered":"https:\/\/queridabh.com.br\/?p=923"},"modified":"2025-12-10T14:26:01","modified_gmt":"2025-12-10T17:26:01","slug":"campanha-dezembro-laranja-completa-11-anos-mas-metade-dos-brasileiros-nunca-consultou-um-dermatologista","status":"publish","type":"post","link":"https:\/\/queridabh.com.br\/index.php\/2025\/12\/10\/campanha-dezembro-laranja-completa-11-anos-mas-metade-dos-brasileiros-nunca-consultou-um-dermatologista\/","title":{"rendered":"CAMPANHA DEZEMBRO LARANJA COMPLETA 11 ANOS, MAS METADE DOS BRASILEIROS NUNCA CONSULTOU UM DERMATOLOGISTA\u00a0"},"content":{"rendered":"\n<p><em>Especialista da Rede&nbsp;Mater&nbsp;Dei alerta que exposi\u00e7\u00e3o solar do dia a dia \u00e9 um fator de risco subestimado pela popula\u00e7\u00e3o<\/em>&nbsp;<\/p>\n\n\n\n<p><strong>Belo Horizonte,&nbsp;<\/strong><strong>3<\/strong><strong>&nbsp;de&nbsp;<\/strong><strong>dezembro&nbsp;<\/strong><strong>de 2025<\/strong>&nbsp;\u2013 O&nbsp;Dezembro&nbsp;Laranja, campanha nacional de preven\u00e7\u00e3o ao c\u00e2ncer de pele promovida pela Sociedade Brasileira de Dermatologia (SBD), completa 11 anos, mas ainda enfrenta desafios importantes. Um estudo realizado pela divis\u00e3o de Beleza Dermatol\u00f3gica do&nbsp;Grupo L\u2019Or\u00e9al no Brasil em parceria com a SBD revelou que 54% dos brasileiros nunca passaram por uma consulta com um dermatologista.&nbsp;<\/p>\n\n\n\n<p>A pesquisa tamb\u00e9m apontou que 40% da popula\u00e7\u00e3o raramente examina a pr\u00f3pria pele, cabelos e unhas em busca de sinais que possam indicar doen\u00e7as. Diante desse cen\u00e1rio, especialistas da Rede&nbsp;Mater&nbsp;Dei de Sa\u00fade refor\u00e7am a necessidade do diagn\u00f3stico precoce e de cuidados preventivos constantes para reduzir a&nbsp;incid\u00eancia&nbsp;do c\u00e2ncer de pele \u2013 um dos tipos mais comuns no pa\u00eds.&nbsp;<\/p>\n\n\n\n<p><strong>Consulta dermatol\u00f3gica tamb\u00e9m \u00e9 parte do checkup anual<\/strong>&nbsp;<\/p>\n\n\n\n<p>A dermatologista da Rede&nbsp;Mater&nbsp;Dei, Dra. Nat\u00e1lia Sobreira, explica que o baixo n\u00famero de consultas \u00e9 reflexo de tr\u00eas fatores: acesso restrito ao especialista em algumas regi\u00f5es do pa\u00eds, pouca informa\u00e7\u00e3o sobre a import\u00e2ncia da avalia\u00e7\u00e3o preventiva e a cren\u00e7a equivocada de que o dermatologista s\u00f3 deve ser procurado diante de altera\u00e7\u00f5es vis\u00edveis. \u201cA consulta dermatol\u00f3gica deveria fazer parte do checkup anual, assim como outras especialidades\u201d, afirma.&nbsp;<\/p>\n\n\n\n<p>Ela destaca que os principais tipos de c\u00e2ncer de pele s\u00e3o o carcinoma&nbsp;basocelular, o carcinoma&nbsp;espinocelular&nbsp;e o melanoma \u2013 este \u00faltimo, o mais agressivo, mas com mais de 90% de chance de cura quando diagnosticado precocemente.&nbsp;<\/p>\n\n\n\n<p><strong>Danos do sol no dia a dia<\/strong>&nbsp;<\/p>\n\n\n\n<p>Entre os&nbsp;fatores de risco, Nat\u00e1lia chama aten\u00e7\u00e3o para um ponto frequentemente negligenciado: a exposi\u00e7\u00e3o solar cumulativa.&nbsp;A dermatologista explica que aquele sol do cotidiano, na caminhada at\u00e9 o trabalho, ao dirigir com o sol batendo no bra\u00e7o ou quando pratica atividade f\u00edsica ao ar livre sem prote\u00e7\u00e3o, \u00e9 respons\u00e1vel por grande parte dos danos na pele.&nbsp;<\/p>\n\n\n\n<p>\u201cMuitas pessoas s\u00f3 se preocupam com a exposi\u00e7\u00e3o intensa na praia ou na piscina, mas \u00e9 a soma di\u00e1ria da radia\u00e7\u00e3o ultravioleta, assim como as queimaduras solares de primeiro grau causadas pela exposi\u00e7\u00e3o solar intensa, que provoca envelhecimento precoce, dano celular e aumento do risco de neoplasias cut\u00e2neas\u201d, alerta.&nbsp;&nbsp;<\/p>\n\n\n\n<p>A m\u00e9dica refor\u00e7a que a preven\u00e7\u00e3o depende de h\u00e1bitos consistentes: uso di\u00e1rio de protetor solar, reaplica\u00e7\u00e3o a cada duas horas em caso de exposi\u00e7\u00e3o, busca por sombra entre 10h e 16h, uso de chap\u00e9u e roupas com prote\u00e7\u00e3o UV e evitar por completo o bronzeamento artificial \u2013 proibido pela Anvisa devido aos riscos comprovados.&nbsp;<\/p>\n\n\n\n<p>Nat\u00e1lia tamb\u00e9m orienta a popula\u00e7\u00e3o a seguir a regra do ABCDE para identificar les\u00f5es suspeitas: Assimetria, Bordas irregulares, Cores variadas, Di\u00e2metro maior que 6 mm e Evolu\u00e7\u00e3o da pinta. \u201cAl\u00e9m disso, manter consultas peri\u00f3dicas e observar a pr\u00f3pria pele&nbsp;s\u00e3o medidas essenciais para detectar altera\u00e7\u00f5es precocemente\u201d, refor\u00e7a.&nbsp;<\/p>\n\n\n\n<p><strong>Quando uma cirurgia simples se torna um procedimento complexo<\/strong>&nbsp;&nbsp;<\/p>\n\n\n\n<p>O cirurgi\u00e3o oncol\u00f3gico da Rede&nbsp;Mater&nbsp;Dei, Dr. Milhem&nbsp;Kansaon, destaca que o diagn\u00f3stico tardio altera completamente&nbsp;o tratamento. \u201cO melanoma, por exemplo, quando identificado no in\u00edcio, pode ser removido em um procedimento r\u00e1pido, com anestesia local e sem necessidade de interna\u00e7\u00e3o. J\u00e1 nos casos avan\u00e7ados, a cirurgia pode exigir a retirada de m\u00fasculos, cartilagens e at\u00e9 por\u00e7\u00f5es de osso, com necessidade de enxertos e reconstru\u00e7\u00f5es complexas\u201d, explica.&nbsp;<\/p>\n\n\n\n<p>Segundo o m\u00e9dico, o c\u00e2ncer deixa de ser facilmente cur\u00e1vel quando alcan\u00e7a vasos sangu\u00edneos, linfonodos ou apresenta met\u00e1stases em \u00f3rg\u00e3os como pulm\u00e3o, f\u00edgado e c\u00e9rebro. Apesar dos avan\u00e7os na&nbsp;imunoterapia&nbsp;e nas terapias-alvo, o tratamento torna-se mais longo e agressivo nesses casos. \u201cDetectar o melanoma cedo significa cirurgias menores, melhor cicatriza\u00e7\u00e3o, menos impacto est\u00e9tico e funcional e maior chance de cura definitiva\u201d, refor\u00e7a.&nbsp;<\/p>\n\n\n\n<p>Os casos cir\u00fargicos mais desafiadores envolvem carcinomas&nbsp;espinocelulares&nbsp;avan\u00e7ados em face e couro cabeludo, melanomas em \u00e1reas delicadas, como m\u00e3os, p\u00e9s e p\u00e1lpebras, e carcinomas&nbsp;basocelulares&nbsp;extensos que, quando negligenciados, comprometem&nbsp;estruturas faciais.&nbsp;&nbsp;<\/p>\n\n\n\n<p>Entre os avan\u00e7os recentes,&nbsp;Milhem&nbsp;destaca a cirurgia de&nbsp;Mohs&nbsp;\u2013 que remove o tumor em camadas preservando o m\u00e1ximo de tecido saud\u00e1vel \u2014&nbsp;e&nbsp;reconstru\u00e7\u00f5es com tecnologia 3D. \u201cO impacto \u00e9 evidente: mais seguran\u00e7a, maiores taxas de cura e menor necessidade de cirurgias agressivas\u201d, conclui.&nbsp;<\/p>\n\n\n\n<p><strong>Sobre a Rede&nbsp;Mater&nbsp;Dei de Sa\u00fade<\/strong>&nbsp;&nbsp;<\/p>\n\n\n\n<p>Uma rede de sa\u00fade completa, com 45 anos de hist\u00f3ria, que coloca o paciente no centro de tudo, ancorada em tr\u00eas princ\u00edpios: intelig\u00eancia e humaniza\u00e7\u00e3o como pilares do atendimento; tecnologia como garantidora da excel\u00eancia; e solidez das governan\u00e7as cl\u00ednica e corporativa. Oferece servi\u00e7os m\u00e9dico-hospitalares com qualidade assistencial e profissionais altamente capacitados. A Rede&nbsp;Mater&nbsp;Dei de Sa\u00fade segue em expans\u00e3o, levando para mais pessoas o Jeito&nbsp;Mater&nbsp;Dei de Cuidar e de Acolher, valorizando a vida dos pacientes em cada atendimento e disponibilizando o melhor que a medicina pode oferecer.&nbsp;<\/p>\n\n\n\n<p><strong>Unidades<\/strong>&nbsp;<\/p>\n\n\n\n<p>Minas Gerais: Hospital&nbsp;Mater&nbsp;Dei Santo Agostinho, Hospital&nbsp;Mater&nbsp;Dei Contorno, Hospital&nbsp;Mater&nbsp;Dei Betim-Contagem, Hospital&nbsp;Mater&nbsp;Dei Nova Lima, Hospital&nbsp;Mater&nbsp;Dei Santa Genoveva, CDI Imagem e Hospital&nbsp;Mater&nbsp;Dei Santa Clara.&nbsp;<\/p>\n\n\n\n<p>Bahia: Hospital&nbsp;Mater&nbsp;Dei Salvador e Hospital&nbsp;Mater&nbsp;Dei&nbsp;Emec.&nbsp;<\/p>\n\n\n\n<p>Goi\u00e1s: Hospital&nbsp;Mater&nbsp;Dei Goi\u00e2nia.&nbsp;<br><br>Cr\u00e9dito: Cr\u00e9dito da foto: Divulga\u00e7\u00e3o Mater Dei<\/p>\n","protected":false},"excerpt":{"rendered":"<p>Especialista da Rede&nbsp;Mater&nbsp;Dei alerta que exposi\u00e7\u00e3o solar do dia a dia \u00e9 um fator de risco subestimado pela popula\u00e7\u00e3o&nbsp; Belo&hellip;<\/p>\n","protected":false},"author":2,"featured_media":924,"comment_status":"open","ping_status":"open","sticky":false,"template":"","format":"standard","meta":{"footnotes":""},"categories":[1],"tags":[],"class_list":["post-923","post","type-post","status-publish","format-standard","has-post-thumbnail","hentry","category-sem-categoria"],"_links":{"self":[{"href":"https:\/\/queridabh.com.br\/index.php\/wp-json\/wp\/v2\/posts\/923","targetHints":{"allow":["GET"]}}],"collection":[{"href":"https:\/\/queridabh.com.br\/index.php\/wp-json\/wp\/v2\/posts"}],"about":[{"href":"https:\/\/queridabh.com.br\/index.php\/wp-json\/wp\/v2\/types\/post"}],"author":[{"embeddable":true,"href":"https:\/\/queridabh.com.br\/index.php\/wp-json\/wp\/v2\/users\/2"}],"replies":[{"embeddable":true,"href":"https:\/\/queridabh.com.br\/index.php\/wp-json\/wp\/v2\/comments?post=923"}],"version-history":[{"count":1,"href":"https:\/\/queridabh.com.br\/index.php\/wp-json\/wp\/v2\/posts\/923\/revisions"}],"predecessor-version":[{"id":925,"href":"https:\/\/queridabh.com.br\/index.php\/wp-json\/wp\/v2\/posts\/923\/revisions\/925"}],"wp:featuredmedia":[{"embeddable":true,"href":"https:\/\/queridabh.com.br\/index.php\/wp-json\/wp\/v2\/media\/924"}],"wp:attachment":[{"href":"https:\/\/queridabh.com.br\/index.php\/wp-json\/wp\/v2\/media?parent=923"}],"wp:term":[{"taxonomy":"category","embeddable":true,"href":"https:\/\/queridabh.com.br\/index.php\/wp-json\/wp\/v2\/categories?post=923"},{"taxonomy":"post_tag","embeddable":true,"href":"https:\/\/queridabh.com.br\/index.php\/wp-json\/wp\/v2\/tags?post=923"}],"curies":[{"name":"wp","href":"https:\/\/api.w.org\/{rel}","templated":true}]}}